{"id":10627,"date":"2025-03-20T00:07:30","date_gmt":"2015-05-15T00:25:46","guid":{"rendered":"https:\/\/umsocorpo.com.br\/admin\/o-sol-da-justica-hino-da-harpa-crista-no450\/"},"modified":"2025-03-21T08:23:20","modified_gmt":"2025-03-21T11:23:20","slug":"o-sol-da-justica-hino-da-harpa-crista-no450","status":"publish","type":"post","link":"https:\/\/umsocorpo.com.br\/harpa-crista\/o-sol-da-justica-hino-da-harpa-crista-no450\/","title":{"rendered":"O Sol Da Justi\u00e7a &#8211; Hino da Harpa Crist\u00e3 N\u00ba450"},"content":{"rendered":"\n<figure class=\"wp-block-audio\"><audio controls src=\"https:\/\/umsocorpo.com.br\/harpa-crista\/admin\/wp-content\/uploads\/2025\/03\/o-sol-da-justica-hino-da-harpa-crista-no450.mp3\"><\/audio><\/figure>\n\n\n\n<p><strong>1\u00aa Estrofe<\/strong><br>\nO sol da justi\u00e7a vamos proclamar<br>\nSua luz resplandece em qualquer lugar,<br>\nSeu fulgor dourado de amor e paz,<br>\nSalva\u00e7\u00e3o completa aos ca\u00eddos traz.<\/p>\n\n\n\n<p><strong>&#8211; Coro &#8211;<\/strong><br>\nResplandece, \u00f3 sol verdadeiro!<br>\nTeus celestes raios vamos espalhar;<br>\nResplandece, \u00f3 sol verdadeiro!<br>\nT\u00e3o formosos raios vamos proclamar!<\/p>\n\n\n\n<p><strong>2\u00aa Estrofe<\/strong><br>\nResplendor celeste brilha desde os c\u00e9us.<br>\nFala-nos de cristo, do amor de deus;<br>\nCom jesus n\u00f3s vamos, todos, trabalhar,<br>\nDo c\u00e9u aos perdidos o esplendor levar.<\/p>\n\n\n\n<p><strong>3\u00aa Estrofe<\/strong><br>\nS\u00f3 uns raios fortes deste resplendor,<br>\nToda a terra podem inundar de amor;<br>\nPodem dum deserto fazer um jardim;<br>\nResplendor do sol. \u00f3 brilha para mim.<\/p>\n","protected":false},"excerpt":{"rendered":"<p>1\u00aa Estrofe O sol da justi\u00e7a vamos proclamar Sua luz resplandece em qualquer lugar, Seu fulgor dourado de amor e paz, Salva\u00e7\u00e3o completa aos ca\u00eddos traz. &#8211; Coro &#8211; Resplandece, \u00f3 sol verdadeiro! Teus celestes raios vamos espalhar; Resplandece, \u00f3 sol verdadeiro! T\u00e3o formosos raios vamos proclamar! 2\u00aa Estrofe Resplendor celeste brilha desde os c\u00e9us&#8230;. <a href=\"https:\/\/umsocorpo.com.br\/harpa-crista\/o-sol-da-justica-hino-da-harpa-crista-no450\/\">ler mais &raquo;<\/a><\/p>\n","protected":false},"author":1,"featured_media":0,"comment_status":"open","ping_status":"open","sticky":false,"template":"","format":"standard","meta":{"footnotes":""},"categories":[3225],"tags":[3217,1505,3219],"class_list":["post-10627","post","type-post","status-publish","format-standard","hentry","category-401-a-500","tag-crista","tag-harpa","tag-harpa-crista"],"_links":{"self":[{"href":"https:\/\/umsocorpo.com.br\/harpa-crista\/wp-json\/wp\/v2\/posts\/10627","targetHints":{"allow":["GET"]}}],"collection":[{"href":"https:\/\/umsocorpo.com.br\/harpa-crista\/wp-json\/wp\/v2\/posts"}],"about":[{"href":"https:\/\/umsocorpo.com.br\/harpa-crista\/wp-json\/wp\/v2\/types\/post"}],"author":[{"embeddable":true,"href":"https:\/\/umsocorpo.com.br\/harpa-crista\/wp-json\/wp\/v2\/users\/1"}],"replies":[{"embeddable":true,"href":"https:\/\/umsocorpo.com.br\/harpa-crista\/wp-json\/wp\/v2\/comments?post=10627"}],"version-history":[{"count":0,"href":"https:\/\/umsocorpo.com.br\/harpa-crista\/wp-json\/wp\/v2\/posts\/10627\/revisions"}],"wp:attachment":[{"href":"https:\/\/umsocorpo.com.br\/harpa-crista\/wp-json\/wp\/v2\/media?parent=10627"}],"wp:term":[{"taxonomy":"category","embeddable":true,"href":"https:\/\/umsocorpo.com.br\/harpa-crista\/wp-json\/wp\/v2\/categories?post=10627"},{"taxonomy":"post_tag","embeddable":true,"href":"https:\/\/umsocorpo.com.br\/harpa-crista\/wp-json\/wp\/v2\/tags?post=10627"}],"curies":[{"name":"wp","href":"https:\/\/api.w.org\/{rel}","templated":true}]}}