{"id":10617,"date":"2025-03-20T00:07:35","date_gmt":"2015-05-15T00:25:46","guid":{"rendered":"https:\/\/umsocorpo.com.br\/admin\/o-povo-de-deus-na-terra-hino-da-harpa-crista-no455\/"},"modified":"2025-03-21T08:23:22","modified_gmt":"2025-03-21T11:23:22","slug":"o-povo-de-deus-na-terra-hino-da-harpa-crista-no455","status":"publish","type":"post","link":"https:\/\/umsocorpo.com.br\/harpa-crista\/o-povo-de-deus-na-terra-hino-da-harpa-crista-no455\/","title":{"rendered":"O Povo De Deus Na Terra &#8211; Hino da Harpa Crist\u00e3 N\u00ba455"},"content":{"rendered":"\n<figure class=\"wp-block-audio\"><audio controls src=\"https:\/\/umsocorpo.com.br\/harpa-crista\/admin\/wp-content\/uploads\/2025\/03\/o-povo-de-deus-na-terra-hino-da-harpa-crista-no455.mp3\"><\/audio><\/figure>\n\n\n\n<p><strong>1\u00aa Estrofe<\/strong><br>\nO povo de deus, aqui na terra tem um sinal:<br>\nPovo que vive em santa guerra contra o mal;<br>\nPovo que espera a jesus cristo, que presto vem<br>\n\u00c9 pois ele mesmo, quem nos diz isto: ?vigiei mui bem?.<\/p>\n\n\n\n<p><strong>2\u00aa Estrofe<\/strong><br>\nA minha paz, sim, n\u00e3o a do mundo, eu vos darei<br>\nO cora\u00e7\u00e3o de gozo profundo, eu encherei;<br>\nCom o seu bra\u00e7o ele nos guia, oh! grande amor<br>\nPara os que lhe pedem, logo envia o consolador!<\/p>\n\n\n\n<p><strong>3\u00aa Estrofe<\/strong><br>\n\u00d3 vinde a mim, jesus convida, quem sede tem!<br>\nBeber, \u00f3 vinde, da \u00e1gua da vida, celeste bem!<br>\nCristo sacia a alma sedenta do pecador!<br>\nSalva, purifica e alimenta, enche de amor!<\/p>\n\n\n\n<p><strong>4\u00aa Estrofe<\/strong><br>\nEm cristo. crendo sempre o seguindo qu\u00e3o doce \u00e9<br>\nA paz profunda e o amor sentindo: tudo por f\u00e9<br>\nFeliz o homem que guarde isto, pois vida tem<br>\nH\u00e1 de reinar sempre com jesus cristo na mans\u00e3o de al\u00e9m.<\/p>\n","protected":false},"excerpt":{"rendered":"<p>1\u00aa Estrofe O povo de deus, aqui na terra tem um sinal: Povo que vive em santa guerra contra o mal; Povo que espera a jesus cristo, que presto vem \u00c9 pois ele mesmo, quem nos diz isto: ?vigiei mui bem?. 2\u00aa Estrofe A minha paz, sim, n\u00e3o a do mundo, eu vos darei O&#8230; <a href=\"https:\/\/umsocorpo.com.br\/harpa-crista\/o-povo-de-deus-na-terra-hino-da-harpa-crista-no455\/\">ler mais &raquo;<\/a><\/p>\n","protected":false},"author":1,"featured_media":0,"comment_status":"open","ping_status":"open","sticky":false,"template":"","format":"standard","meta":{"footnotes":""},"categories":[3225],"tags":[3217,1505,3219],"class_list":["post-10617","post","type-post","status-publish","format-standard","hentry","category-401-a-500","tag-crista","tag-harpa","tag-harpa-crista"],"_links":{"self":[{"href":"https:\/\/umsocorpo.com.br\/harpa-crista\/wp-json\/wp\/v2\/posts\/10617","targetHints":{"allow":["GET"]}}],"collection":[{"href":"https:\/\/umsocorpo.com.br\/harpa-crista\/wp-json\/wp\/v2\/posts"}],"about":[{"href":"https:\/\/umsocorpo.com.br\/harpa-crista\/wp-json\/wp\/v2\/types\/post"}],"author":[{"embeddable":true,"href":"https:\/\/umsocorpo.com.br\/harpa-crista\/wp-json\/wp\/v2\/users\/1"}],"replies":[{"embeddable":true,"href":"https:\/\/umsocorpo.com.br\/harpa-crista\/wp-json\/wp\/v2\/comments?post=10617"}],"version-history":[{"count":0,"href":"https:\/\/umsocorpo.com.br\/harpa-crista\/wp-json\/wp\/v2\/posts\/10617\/revisions"}],"wp:attachment":[{"href":"https:\/\/umsocorpo.com.br\/harpa-crista\/wp-json\/wp\/v2\/media?parent=10617"}],"wp:term":[{"taxonomy":"category","embeddable":true,"href":"https:\/\/umsocorpo.com.br\/harpa-crista\/wp-json\/wp\/v2\/categories?post=10617"},{"taxonomy":"post_tag","embeddable":true,"href":"https:\/\/umsocorpo.com.br\/harpa-crista\/wp-json\/wp\/v2\/tags?post=10617"}],"curies":[{"name":"wp","href":"https:\/\/api.w.org\/{rel}","templated":true}]}}