{"id":10601,"date":"2025-03-20T00:07:43","date_gmt":"2015-05-15T00:25:45","guid":{"rendered":"https:\/\/umsocorpo.com.br\/admin\/o-povo-de-abraao-hino-da-harpa-crista-no463\/"},"modified":"2025-03-21T08:36:05","modified_gmt":"2025-03-21T11:36:05","slug":"o-povo-de-abraao-hino-da-harpa-crista-no463","status":"publish","type":"post","link":"https:\/\/umsocorpo.com.br\/harpa-crista\/o-povo-de-abraao-hino-da-harpa-crista-no463\/","title":{"rendered":"O Povo De Abra\u00e3o &#8211; Hino da Harpa Crist\u00e3 N\u00ba463"},"content":{"rendered":"\n<figure class=\"wp-block-audio\"><audio controls src=\"https:\/\/umsocorpo.com.br\/harpa-crista\/admin\/wp-content\/uploads\/2025\/03\/o-povo-de-abraao-hino-da-harpa-crista-no463.mp3\"><\/audio><\/figure>\n\n\n\n<p><strong>1\u00aa Estrofe<\/strong><br>\nComo o povo de abra\u00e3o<br>\nPara a terra de si\u00e3o<br>\nEntre os povos inimigos viajou;<br>\nHoje eu cheio de amor,<br>\nE de f\u00e9 no salvador,<br>\nCaminhando para o c\u00e9u, contente vou.<\/p>\n\n\n\n<p><strong>&#8211; Coro &#8211;<\/strong><br>\nL\u00e1 no c\u00e9u, l\u00e1 no c\u00e9u,<br>\nAs tristezas eu jamais conhecerei;<br>\nRuas \u00e1ureas brilham l\u00e1,<br>\nNa cidade de jeov\u00e1;<br>\nSempre alegre, vou marchando para o c\u00e9u!<\/p>\n\n\n\n<p><strong>2\u00aa Estrofe<\/strong><br>\nSustentado pelo amor<br>\nDo bendito salvador,<br>\nVigiando, sempre orando, certo vou;<br>\nDirigido pela luz<br>\nDa presen\u00e7a de jesus,<br>\nCaminhando para o c\u00e9u, eu sempre estou.<\/p>\n\n\n\n<p><strong>3\u00aa Estrofe<\/strong><br>\nL\u00e1 no c\u00e9u eu chegarei,<br>\nSua gl\u00f3ria gozarei<br>\nCom aqueles que servirem ao senhor;<br>\nQuero sempre trabalhar<br>\nPara o glorificar,<br>\nPra que todos vejam em mim o seu amor.<\/p>\n","protected":false},"excerpt":{"rendered":"<p>1\u00aa Estrofe Como o povo de abra\u00e3o Para a terra de si\u00e3o Entre os povos inimigos viajou; Hoje eu cheio de amor, E de f\u00e9 no salvador, Caminhando para o c\u00e9u, contente vou. &#8211; Coro &#8211; L\u00e1 no c\u00e9u, l\u00e1 no c\u00e9u, As tristezas eu jamais conhecerei; Ruas \u00e1ureas brilham l\u00e1, Na cidade de jeov\u00e1;&#8230; <a href=\"https:\/\/umsocorpo.com.br\/harpa-crista\/o-povo-de-abraao-hino-da-harpa-crista-no463\/\">ler mais &raquo;<\/a><\/p>\n","protected":false},"author":1,"featured_media":0,"comment_status":"open","ping_status":"open","sticky":false,"template":"","format":"standard","meta":{"footnotes":""},"categories":[3225],"tags":[3217,1505,3219],"class_list":["post-10601","post","type-post","status-publish","format-standard","hentry","category-401-a-500","tag-crista","tag-harpa","tag-harpa-crista"],"_links":{"self":[{"href":"https:\/\/umsocorpo.com.br\/harpa-crista\/wp-json\/wp\/v2\/posts\/10601","targetHints":{"allow":["GET"]}}],"collection":[{"href":"https:\/\/umsocorpo.com.br\/harpa-crista\/wp-json\/wp\/v2\/posts"}],"about":[{"href":"https:\/\/umsocorpo.com.br\/harpa-crista\/wp-json\/wp\/v2\/types\/post"}],"author":[{"embeddable":true,"href":"https:\/\/umsocorpo.com.br\/harpa-crista\/wp-json\/wp\/v2\/users\/1"}],"replies":[{"embeddable":true,"href":"https:\/\/umsocorpo.com.br\/harpa-crista\/wp-json\/wp\/v2\/comments?post=10601"}],"version-history":[{"count":0,"href":"https:\/\/umsocorpo.com.br\/harpa-crista\/wp-json\/wp\/v2\/posts\/10601\/revisions"}],"wp:attachment":[{"href":"https:\/\/umsocorpo.com.br\/harpa-crista\/wp-json\/wp\/v2\/media?parent=10601"}],"wp:term":[{"taxonomy":"category","embeddable":true,"href":"https:\/\/umsocorpo.com.br\/harpa-crista\/wp-json\/wp\/v2\/categories?post=10601"},{"taxonomy":"post_tag","embeddable":true,"href":"https:\/\/umsocorpo.com.br\/harpa-crista\/wp-json\/wp\/v2\/tags?post=10601"}],"curies":[{"name":"wp","href":"https:\/\/api.w.org\/{rel}","templated":true}]}}