{"id":10597,"date":"2025-03-20T00:07:45","date_gmt":"2015-05-15T00:25:45","guid":{"rendered":"https:\/\/umsocorpo.com.br\/admin\/ele-sofreu-por-mim-hino-da-harpa-crista-no465\/"},"modified":"2025-03-21T08:36:05","modified_gmt":"2025-03-21T11:36:05","slug":"ele-sofreu-por-mim-hino-da-harpa-crista-no465","status":"publish","type":"post","link":"https:\/\/umsocorpo.com.br\/harpa-crista\/ele-sofreu-por-mim-hino-da-harpa-crista-no465\/","title":{"rendered":"Ele Sofreu Por Mim &#8211; Hino da Harpa Crist\u00e3 N\u00ba465"},"content":{"rendered":"\n<figure class=\"wp-block-audio\"><audio controls src=\"https:\/\/umsocorpo.com.br\/harpa-crista\/admin\/wp-content\/uploads\/2025\/03\/ele-sofreu-por-mim-hino-da-harpa-crista-no465.mp3\"><\/audio><\/figure>\n\n\n\n<p><strong>1\u00aa Estrofe<\/strong><br>\nEu li que jesus fora preso;<br>\nDe dor a minh?alma vibrou;<br>\nEu antes assim n\u00e3o sentia,<br>\nAgora isto a mim empolgou,<br>\nEu li que ele foi conduzido<br>\n\u00c0 corte de jerusal\u00e9m;<br>\nAli padeceu grande afronta.<br>\nFoi c?roado de espinhos tamb\u00e9m.<\/p>\n\n\n\n<p><strong>&#8211; Coro &#8211;<\/strong><br>\nEu sei que eu era culpado,<br>\nMas ele sofreu j\u00e1 por mim;<br>\nEu sei que ele era inocente,<br>\nPadecendo tudo assim.<\/p>\n\n\n\n<p><strong>2\u00aa Estrofe<\/strong><br>\nEu li que jesus foi julgado;<br>\nU?a cruz mui pesada levou,<br>\nE nela, por mim expirando,<br>\nOs meus vis pecados tomou;<br>\nEnquanto na cruz, pendurado,<br>\nU?a lan\u00e7a seu lado furou;<br>\nNa esponja lhe deram vinagre,<br>\nE ele, por mim, o tragou<\/p>\n\n\n\n<p><strong>3\u00aa Estrofe<\/strong><br>\nDepois jos\u00e9 de arimat\u00e9ia<br>\nE outros disc\u00edpulos tamb\u00e9m<br>\nPuseram-no, em um sepulcro,<br>\nE os guardas vigiavam bem:<br>\nEnquanto no mundo, ele disse,<br>\nQue havia de ressuscitar,<br>\nE deus fez ent\u00e3o um milagre.<br>\nFazendo-o dos mortos tornar!<\/p>\n\n\n\n<p><strong>4\u00aa Estrofe<\/strong><br>\nOs guardas ainda vigiavam,<br>\nQuando um anjo veio do c\u00e9u,<br>\nE a pedra que estava na porta,<br>\nCom grande poder removeu;<br>\nDepressa os la\u00e7os ca\u00edram;<br>\nO plano de deus era assim;<br>\nE a luz e a vida resplendem,<br>\nE isto foi tudo por mim!<\/p>\n","protected":false},"excerpt":{"rendered":"<p>1\u00aa Estrofe Eu li que jesus fora preso; De dor a minh?alma vibrou; Eu antes assim n\u00e3o sentia, Agora isto a mim empolgou, Eu li que ele foi conduzido \u00c0 corte de jerusal\u00e9m; Ali padeceu grande afronta. Foi c?roado de espinhos tamb\u00e9m. &#8211; Coro &#8211; Eu sei que eu era culpado, Mas ele sofreu j\u00e1&#8230; <a href=\"https:\/\/umsocorpo.com.br\/harpa-crista\/ele-sofreu-por-mim-hino-da-harpa-crista-no465\/\">ler mais &raquo;<\/a><\/p>\n","protected":false},"author":1,"featured_media":0,"comment_status":"open","ping_status":"open","sticky":false,"template":"","format":"standard","meta":{"footnotes":""},"categories":[3225],"tags":[3217,1505,3219],"class_list":["post-10597","post","type-post","status-publish","format-standard","hentry","category-401-a-500","tag-crista","tag-harpa","tag-harpa-crista"],"_links":{"self":[{"href":"https:\/\/umsocorpo.com.br\/harpa-crista\/wp-json\/wp\/v2\/posts\/10597","targetHints":{"allow":["GET"]}}],"collection":[{"href":"https:\/\/umsocorpo.com.br\/harpa-crista\/wp-json\/wp\/v2\/posts"}],"about":[{"href":"https:\/\/umsocorpo.com.br\/harpa-crista\/wp-json\/wp\/v2\/types\/post"}],"author":[{"embeddable":true,"href":"https:\/\/umsocorpo.com.br\/harpa-crista\/wp-json\/wp\/v2\/users\/1"}],"replies":[{"embeddable":true,"href":"https:\/\/umsocorpo.com.br\/harpa-crista\/wp-json\/wp\/v2\/comments?post=10597"}],"version-history":[{"count":0,"href":"https:\/\/umsocorpo.com.br\/harpa-crista\/wp-json\/wp\/v2\/posts\/10597\/revisions"}],"wp:attachment":[{"href":"https:\/\/umsocorpo.com.br\/harpa-crista\/wp-json\/wp\/v2\/media?parent=10597"}],"wp:term":[{"taxonomy":"category","embeddable":true,"href":"https:\/\/umsocorpo.com.br\/harpa-crista\/wp-json\/wp\/v2\/categories?post=10597"},{"taxonomy":"post_tag","embeddable":true,"href":"https:\/\/umsocorpo.com.br\/harpa-crista\/wp-json\/wp\/v2\/tags?post=10597"}],"curies":[{"name":"wp","href":"https:\/\/api.w.org\/{rel}","templated":true}]}}