{"id":10593,"date":"2025-03-20T00:07:47","date_gmt":"2015-05-15T00:25:45","guid":{"rendered":"https:\/\/umsocorpo.com.br\/admin\/sobre-as-ondas-do-mar-hino-da-harpa-crista-no467\/"},"modified":"2025-03-21T08:36:05","modified_gmt":"2025-03-21T11:36:05","slug":"sobre-as-ondas-do-mar-hino-da-harpa-crista-no467","status":"publish","type":"post","link":"https:\/\/umsocorpo.com.br\/harpa-crista\/sobre-as-ondas-do-mar-hino-da-harpa-crista-no467\/","title":{"rendered":"Sobre As Ondas Do Mar &#8211; Hino da Harpa Crist\u00e3 N\u00ba467"},"content":{"rendered":"\n<figure class=\"wp-block-audio\"><audio controls src=\"https:\/\/umsocorpo.com.br\/harpa-crista\/admin\/wp-content\/uploads\/2025\/03\/sobre-as-ondas-do-mar-hino-da-harpa-crista-no467-1.mp3\"><\/audio><\/figure>\n\n\n\n<p><strong>1\u00aa Estrofe<\/strong><br>\nOh! por que duvidar,<br>\nSobre as ondas do mar,<br>\nQuando cristo caminho abriu?<br>\n&#8211; quando for\u00e7ado \u00e9s, contra as ondas lutar,<br>\nSeu amor a ti quer revelar.<\/p>\n\n\n\n<p><strong>&#8211; Coro &#8211;<\/strong><br>\nSolta o cabo da nau<br>\nToma os remos na m\u00e3o,<br>\nE navega com f\u00e9 em jesus;<br>\nE ent\u00e3o, tu ver\u00e1s que bonan\u00e7a se faz<br>\nPois com ele, seguro ser\u00e1s.<\/p>\n\n\n\n<p><strong>2\u00aa Estrofe<\/strong><br>\nTrevas v\u00eam te assustar,<br>\nTempestades no mar?<br>\n&#8211; da montanha o mestre te v\u00ea;<br>\nE na tribula\u00e7\u00e3o<br>\nEle vem socorrer,<br>\nSua m\u00e3o bem te pode sustar.<\/p>\n\n\n\n<p><strong>3\u00aa Estrofe<\/strong><br>\nPodes tu recordar,<br>\nMaravilhas, sem par?<br>\n&#8211; no deserto ao povo fartou;<br>\nE o mesmo poder<br>\nEle sempre ter\u00e1,<br>\nPois n\u00e3o muda e n\u00e3o falhar\u00e1.<\/p>\n\n\n\n<p><strong>4\u00aa Estrofe<\/strong><br>\nQuando pedes mais f\u00e9,<br>\nEle ouve, \u00f3 cr\u00ea!<br>\nMesmo sendo em tribula\u00e7\u00e3o;<br>\nQuando a m\u00e3o de poder o teu ?ego? tirar,<br>\nSobre as ondas poder\u00e1s andar.<\/p>\n","protected":false},"excerpt":{"rendered":"<p>1\u00aa Estrofe Oh! por que duvidar, Sobre as ondas do mar, Quando cristo caminho abriu? &#8211; quando for\u00e7ado \u00e9s, contra as ondas lutar, Seu amor a ti quer revelar. &#8211; Coro &#8211; Solta o cabo da nau Toma os remos na m\u00e3o, E navega com f\u00e9 em jesus; E ent\u00e3o, tu ver\u00e1s que bonan\u00e7a se&#8230; <a href=\"https:\/\/umsocorpo.com.br\/harpa-crista\/sobre-as-ondas-do-mar-hino-da-harpa-crista-no467\/\">ler mais &raquo;<\/a><\/p>\n","protected":false},"author":1,"featured_media":0,"comment_status":"open","ping_status":"open","sticky":false,"template":"","format":"standard","meta":{"footnotes":""},"categories":[3225],"tags":[3217,1505,3219],"class_list":["post-10593","post","type-post","status-publish","format-standard","hentry","category-401-a-500","tag-crista","tag-harpa","tag-harpa-crista"],"_links":{"self":[{"href":"https:\/\/umsocorpo.com.br\/harpa-crista\/wp-json\/wp\/v2\/posts\/10593","targetHints":{"allow":["GET"]}}],"collection":[{"href":"https:\/\/umsocorpo.com.br\/harpa-crista\/wp-json\/wp\/v2\/posts"}],"about":[{"href":"https:\/\/umsocorpo.com.br\/harpa-crista\/wp-json\/wp\/v2\/types\/post"}],"author":[{"embeddable":true,"href":"https:\/\/umsocorpo.com.br\/harpa-crista\/wp-json\/wp\/v2\/users\/1"}],"replies":[{"embeddable":true,"href":"https:\/\/umsocorpo.com.br\/harpa-crista\/wp-json\/wp\/v2\/comments?post=10593"}],"version-history":[{"count":0,"href":"https:\/\/umsocorpo.com.br\/harpa-crista\/wp-json\/wp\/v2\/posts\/10593\/revisions"}],"wp:attachment":[{"href":"https:\/\/umsocorpo.com.br\/harpa-crista\/wp-json\/wp\/v2\/media?parent=10593"}],"wp:term":[{"taxonomy":"category","embeddable":true,"href":"https:\/\/umsocorpo.com.br\/harpa-crista\/wp-json\/wp\/v2\/categories?post=10593"},{"taxonomy":"post_tag","embeddable":true,"href":"https:\/\/umsocorpo.com.br\/harpa-crista\/wp-json\/wp\/v2\/tags?post=10593"}],"curies":[{"name":"wp","href":"https:\/\/api.w.org\/{rel}","templated":true}]}}