{"id":10585,"date":"2025-03-20T00:07:51","date_gmt":"2015-05-15T00:25:45","guid":{"rendered":"https:\/\/umsocorpo.com.br\/admin\/avancai-fieis-hino-da-harpa-crista-no471\/"},"modified":"2025-03-21T08:36:06","modified_gmt":"2025-03-21T11:36:06","slug":"avancai-fieis-hino-da-harpa-crista-no471","status":"publish","type":"post","link":"https:\/\/umsocorpo.com.br\/harpa-crista\/avancai-fieis-hino-da-harpa-crista-no471\/","title":{"rendered":"Avan\u00e7ai, Fi\u00e9is &#8211; Hino da Harpa Crist\u00e3 N\u00ba471"},"content":{"rendered":"\n<figure class=\"wp-block-audio\"><audio controls src=\"https:\/\/umsocorpo.com.br\/harpa-crista\/admin\/wp-content\/uploads\/2025\/03\/avancai-fieis-hino-da-harpa-crista-no471.mp3\"><\/audio><\/figure>\n\n\n\n<p><strong>1\u00aa Estrofe<\/strong><br>\nAvan\u00e7ai, fi\u00e9is soldados,<br>\nContra as hostes infernais;<br>\nOuve-se de guerra, brados,<br>\nHomens de gide\u00e3o sejais;<br>\nDeste mundo, a ilus\u00e3o,<br>\nO terror da pr\u00f3pria morte<br>\nN\u00e3o nos turba o cora\u00e7\u00e3o;<br>\nTorna deus, o fraco ? forte.<\/p>\n\n\n\n<p><strong>&#8211; Coro &#8211;<\/strong><br>\nPelo sangue do cordeiro<br>\nN\u00f3s vamos, sim, triunfar,<br>\nO senhor, ao vencedor vai coroar;<br>\nHei de vencer<br>\nCom jesus, o verdadeiro,<br>\nHei de vencer,<br>\nPelo seu poder.<\/p>\n\n\n\n<p><strong>2\u00aa Estrofe<\/strong><br>\nAvan\u00e7ai, fi\u00e9is soldados,<br>\nA seguir o pavilh\u00e3o;<br>\nEi-lo na frente arvorado<br>\nPor jesus, nosso capit\u00e3o;<br>\nEscutemos o clamor<br>\nDos que foram abatidos;<br>\nVamos, logo sem temor,<br>\nEm socorro dos feridos.<\/p>\n\n\n\n<p><strong>3\u00aa Estrofe<\/strong><br>\nAvan\u00e7ai, fi\u00e9is soldados,<br>\nSempre fortes, a lutar,<br>\nE os povos escravizados,<br>\nIde avante, a libertar,<br>\nManda cristo avan\u00e7ar<br>\nA vanguarda dos remidos;<br>\nGalard\u00e3o h\u00e3o de alcan\u00e7ar<br>\nOs que forem destemidos!<\/p>\n","protected":false},"excerpt":{"rendered":"<p>1\u00aa Estrofe Avan\u00e7ai, fi\u00e9is soldados, Contra as hostes infernais; Ouve-se de guerra, brados, Homens de gide\u00e3o sejais; Deste mundo, a ilus\u00e3o, O terror da pr\u00f3pria morte N\u00e3o nos turba o cora\u00e7\u00e3o; Torna deus, o fraco ? forte. &#8211; Coro &#8211; Pelo sangue do cordeiro N\u00f3s vamos, sim, triunfar, O senhor, ao vencedor vai coroar; Hei&#8230; <a href=\"https:\/\/umsocorpo.com.br\/harpa-crista\/avancai-fieis-hino-da-harpa-crista-no471\/\">ler mais &raquo;<\/a><\/p>\n","protected":false},"author":1,"featured_media":0,"comment_status":"open","ping_status":"open","sticky":false,"template":"","format":"standard","meta":{"footnotes":""},"categories":[3225],"tags":[3217,1505,3219],"class_list":["post-10585","post","type-post","status-publish","format-standard","hentry","category-401-a-500","tag-crista","tag-harpa","tag-harpa-crista"],"_links":{"self":[{"href":"https:\/\/umsocorpo.com.br\/harpa-crista\/wp-json\/wp\/v2\/posts\/10585","targetHints":{"allow":["GET"]}}],"collection":[{"href":"https:\/\/umsocorpo.com.br\/harpa-crista\/wp-json\/wp\/v2\/posts"}],"about":[{"href":"https:\/\/umsocorpo.com.br\/harpa-crista\/wp-json\/wp\/v2\/types\/post"}],"author":[{"embeddable":true,"href":"https:\/\/umsocorpo.com.br\/harpa-crista\/wp-json\/wp\/v2\/users\/1"}],"replies":[{"embeddable":true,"href":"https:\/\/umsocorpo.com.br\/harpa-crista\/wp-json\/wp\/v2\/comments?post=10585"}],"version-history":[{"count":0,"href":"https:\/\/umsocorpo.com.br\/harpa-crista\/wp-json\/wp\/v2\/posts\/10585\/revisions"}],"wp:attachment":[{"href":"https:\/\/umsocorpo.com.br\/harpa-crista\/wp-json\/wp\/v2\/media?parent=10585"}],"wp:term":[{"taxonomy":"category","embeddable":true,"href":"https:\/\/umsocorpo.com.br\/harpa-crista\/wp-json\/wp\/v2\/categories?post=10585"},{"taxonomy":"post_tag","embeddable":true,"href":"https:\/\/umsocorpo.com.br\/harpa-crista\/wp-json\/wp\/v2\/tags?post=10585"}],"curies":[{"name":"wp","href":"https:\/\/api.w.org\/{rel}","templated":true}]}}