{"id":10575,"date":"2025-03-20T00:07:56","date_gmt":"2015-05-15T00:25:45","guid":{"rendered":"https:\/\/umsocorpo.com.br\/admin\/o-cego-de-jerico-hino-da-harpa-crista-no476\/"},"modified":"2025-03-21T08:36:08","modified_gmt":"2025-03-21T11:36:08","slug":"o-cego-de-jerico-hino-da-harpa-crista-no476","status":"publish","type":"post","link":"https:\/\/umsocorpo.com.br\/harpa-crista\/o-cego-de-jerico-hino-da-harpa-crista-no476\/","title":{"rendered":"O Cego De Jeric\u00f3 &#8211; Hino da Harpa Crist\u00e3 N\u00ba476"},"content":{"rendered":"\n<figure class=\"wp-block-audio\"><audio controls src=\"https:\/\/umsocorpo.com.br\/harpa-crista\/admin\/wp-content\/uploads\/2025\/03\/o-cego-de-jerico-hino-da-harpa-crista-no476.mp3\"><\/audio><\/figure>\n\n\n\n<p><strong>1\u00aa Estrofe<\/strong><br>\nEnquanto para jeric\u00f3<br>\nO bom jesus passava,<br>\nUm cego, filho de jac\u00f3,<br>\nSem se cansar clamava:<br>\n\u00c7oro<br>\n?jesus, \u00f3 filho de davi,<br>\nTem compaix\u00e3o de mim, senhor!?<br>\n?jesus, \u00f3 filho de davi,<br>\nAtende ao meu clamor!?<\/p>\n\n\n\n<p><strong>2\u00aa Estrofe<\/strong><br>\nA multid\u00e3o vendo-o clamar,<br>\n&#8211; ?s\u00ea quieto?, lhe dizia;<br>\nMas ele sem a escutar,<br>\nMais forte repetia.<\/p>\n\n\n\n<p><strong>3\u00aa Estrofe<\/strong><br>\nJesus ent\u00e3o mandou chamar<br>\nO cego que gritava,<br>\nQue veio logo, sem tardar,<br>\nMas ?inda assim clamava?<\/p>\n\n\n\n<p><strong>4\u00aa Estrofe<\/strong><br>\nJesus pergunta com prazer:<br>\n?que queres que te fa\u00e7a??<br>\n?jesus, eu quero hoje ver,<br>\nPor teu poder e gra\u00e7a?.<br>\nEnt\u00e3o jesus lhe respondeu:<br>\n?vai, a tua f\u00e9 te salvou?.<br>\nE logo viu, o bartimeu,<br>\nE ao bom jesus louvou!<\/p>\n","protected":false},"excerpt":{"rendered":"<p>1\u00aa Estrofe Enquanto para jeric\u00f3 O bom jesus passava, Um cego, filho de jac\u00f3, Sem se cansar clamava: \u00c7oro ?jesus, \u00f3 filho de davi, Tem compaix\u00e3o de mim, senhor!? ?jesus, \u00f3 filho de davi, Atende ao meu clamor!? 2\u00aa Estrofe A multid\u00e3o vendo-o clamar, &#8211; ?s\u00ea quieto?, lhe dizia; Mas ele sem a escutar, Mais&#8230; <a href=\"https:\/\/umsocorpo.com.br\/harpa-crista\/o-cego-de-jerico-hino-da-harpa-crista-no476\/\">ler mais &raquo;<\/a><\/p>\n","protected":false},"author":1,"featured_media":0,"comment_status":"open","ping_status":"open","sticky":false,"template":"","format":"standard","meta":{"footnotes":""},"categories":[3225],"tags":[3217,1505,3219],"class_list":["post-10575","post","type-post","status-publish","format-standard","hentry","category-401-a-500","tag-crista","tag-harpa","tag-harpa-crista"],"_links":{"self":[{"href":"https:\/\/umsocorpo.com.br\/harpa-crista\/wp-json\/wp\/v2\/posts\/10575","targetHints":{"allow":["GET"]}}],"collection":[{"href":"https:\/\/umsocorpo.com.br\/harpa-crista\/wp-json\/wp\/v2\/posts"}],"about":[{"href":"https:\/\/umsocorpo.com.br\/harpa-crista\/wp-json\/wp\/v2\/types\/post"}],"author":[{"embeddable":true,"href":"https:\/\/umsocorpo.com.br\/harpa-crista\/wp-json\/wp\/v2\/users\/1"}],"replies":[{"embeddable":true,"href":"https:\/\/umsocorpo.com.br\/harpa-crista\/wp-json\/wp\/v2\/comments?post=10575"}],"version-history":[{"count":0,"href":"https:\/\/umsocorpo.com.br\/harpa-crista\/wp-json\/wp\/v2\/posts\/10575\/revisions"}],"wp:attachment":[{"href":"https:\/\/umsocorpo.com.br\/harpa-crista\/wp-json\/wp\/v2\/media?parent=10575"}],"wp:term":[{"taxonomy":"category","embeddable":true,"href":"https:\/\/umsocorpo.com.br\/harpa-crista\/wp-json\/wp\/v2\/categories?post=10575"},{"taxonomy":"post_tag","embeddable":true,"href":"https:\/\/umsocorpo.com.br\/harpa-crista\/wp-json\/wp\/v2\/tags?post=10575"}],"curies":[{"name":"wp","href":"https:\/\/api.w.org\/{rel}","templated":true}]}}