{"id":10569,"date":"2025-03-20T00:07:59","date_gmt":"2015-05-15T00:25:44","guid":{"rendered":"https:\/\/umsocorpo.com.br\/admin\/ao-raiar-do-ano-novo-hino-da-harpa-crista-no479\/"},"modified":"2025-03-21T08:36:08","modified_gmt":"2025-03-21T11:36:08","slug":"ao-raiar-do-ano-novo-hino-da-harpa-crista-no479","status":"publish","type":"post","link":"https:\/\/umsocorpo.com.br\/harpa-crista\/ao-raiar-do-ano-novo-hino-da-harpa-crista-no479\/","title":{"rendered":"Ao Raiar Do Ano Novo &#8211; Hino da Harpa Crist\u00e3 N\u00ba479"},"content":{"rendered":"\n<figure class=\"wp-block-audio\"><audio controls src=\"https:\/\/umsocorpo.com.br\/harpa-crista\/admin\/wp-content\/uploads\/2025\/03\/ao-raiar-do-ano-novo-hino-da-harpa-crista-no479.mp3\"><\/audio><\/figure>\n\n\n\n<p><strong>1\u00aa Estrofe<\/strong><br>\n\u00c9 meia noite, o ano j\u00e1 fenece,<br>\nN\u00f3s elevamos os olhos aos c\u00e9us,<br>\nTodos orando para que comece<br>\nO ano novo na gra\u00e7a de deus.<\/p>\n\n\n\n<p><strong>&#8211; Coro &#8211;<\/strong><br>\nAs nossas vozes juntas levantemos,<br>\nCom alegria e suave som;<br>\nEm gratid\u00e3o a cristo, jubilemos,<br>\nPelo raiar de mais um ano bom.<\/p>\n\n\n\n<p><strong>2\u00aa Estrofe<\/strong><br>\nSenhor, pedimos n\u00f3s ardentemente,<br>\nOuve, por teu infinito amor;<br>\nSalva da nossa p\u00e1tria toda gente,<br>\nPra tua honra, e pra teu louvor.<\/p>\n\n\n\n<p><strong>3\u00aa Estrofe<\/strong><br>\nAs nossas almas torna impolutas,<br>\nN\u00e3o nos deixando em fraqueza cair,<br>\nNossa ora\u00e7\u00e3o, senhor, hoje escuta,<br>\nPara podermos aqui te servir.<\/p>\n\n\n\n<p><strong>4\u00aa Estrofe<\/strong><br>\nGra\u00e7as a ti, por esse ano findo,<br>\nPois nos supriste com muito poder;<br>\nGra\u00e7as a ti, por esse ano vindo,<br>\nPois b\u00ean\u00e7\u00e3os mil vamos n\u00f3s receber.<\/p>\n","protected":false},"excerpt":{"rendered":"<p>1\u00aa Estrofe \u00c9 meia noite, o ano j\u00e1 fenece, N\u00f3s elevamos os olhos aos c\u00e9us, Todos orando para que comece O ano novo na gra\u00e7a de deus. &#8211; Coro &#8211; As nossas vozes juntas levantemos, Com alegria e suave som; Em gratid\u00e3o a cristo, jubilemos, Pelo raiar de mais um ano bom. 2\u00aa Estrofe Senhor,&#8230; <a href=\"https:\/\/umsocorpo.com.br\/harpa-crista\/ao-raiar-do-ano-novo-hino-da-harpa-crista-no479\/\">ler mais &raquo;<\/a><\/p>\n","protected":false},"author":1,"featured_media":0,"comment_status":"open","ping_status":"open","sticky":false,"template":"","format":"standard","meta":{"footnotes":""},"categories":[3225],"tags":[3217,1505,3219],"class_list":["post-10569","post","type-post","status-publish","format-standard","hentry","category-401-a-500","tag-crista","tag-harpa","tag-harpa-crista"],"_links":{"self":[{"href":"https:\/\/umsocorpo.com.br\/harpa-crista\/wp-json\/wp\/v2\/posts\/10569","targetHints":{"allow":["GET"]}}],"collection":[{"href":"https:\/\/umsocorpo.com.br\/harpa-crista\/wp-json\/wp\/v2\/posts"}],"about":[{"href":"https:\/\/umsocorpo.com.br\/harpa-crista\/wp-json\/wp\/v2\/types\/post"}],"author":[{"embeddable":true,"href":"https:\/\/umsocorpo.com.br\/harpa-crista\/wp-json\/wp\/v2\/users\/1"}],"replies":[{"embeddable":true,"href":"https:\/\/umsocorpo.com.br\/harpa-crista\/wp-json\/wp\/v2\/comments?post=10569"}],"version-history":[{"count":0,"href":"https:\/\/umsocorpo.com.br\/harpa-crista\/wp-json\/wp\/v2\/posts\/10569\/revisions"}],"wp:attachment":[{"href":"https:\/\/umsocorpo.com.br\/harpa-crista\/wp-json\/wp\/v2\/media?parent=10569"}],"wp:term":[{"taxonomy":"category","embeddable":true,"href":"https:\/\/umsocorpo.com.br\/harpa-crista\/wp-json\/wp\/v2\/categories?post=10569"},{"taxonomy":"post_tag","embeddable":true,"href":"https:\/\/umsocorpo.com.br\/harpa-crista\/wp-json\/wp\/v2\/tags?post=10569"}],"curies":[{"name":"wp","href":"https:\/\/api.w.org\/{rel}","templated":true}]}}