{"id":10567,"date":"2025-03-20T00:08:00","date_gmt":"2015-05-15T00:25:44","guid":{"rendered":"https:\/\/umsocorpo.com.br\/admin\/fim-do-ano-hino-da-harpa-crista-no480\/"},"modified":"2025-03-21T08:36:09","modified_gmt":"2025-03-21T11:36:09","slug":"fim-do-ano-hino-da-harpa-crista-no480","status":"publish","type":"post","link":"https:\/\/umsocorpo.com.br\/harpa-crista\/fim-do-ano-hino-da-harpa-crista-no480\/","title":{"rendered":"Fim Do Ano &#8211; Hino da Harpa Crist\u00e3 N\u00ba480"},"content":{"rendered":"\n<figure class=\"wp-block-audio\"><audio controls src=\"https:\/\/umsocorpo.com.br\/harpa-crista\/admin\/wp-content\/uploads\/2025\/03\/fim-do-ano-hino-da-harpa-crista-no480.mp3\"><\/audio><\/figure>\n\n\n\n<p><strong>1\u00aa Estrofe<\/strong><br>\nDeus eterno, em tua presen\u00e7a,<br>\nNossos s\u00e9culos horas s\u00e3o<br>\nE um segundo a exist\u00eancia<br>\nDa humana gera\u00e7\u00e3o;<br>\nMas o homem que ao teu lado,<br>\nPela f\u00e9 quer j\u00e1 voar,<br>\nNeste mundo de pecado,<br>\nLento o tempo v\u00ea passar.<\/p>\n\n\n\n<p><strong>2\u00aa Estrofe<\/strong><br>\nOutro ano h\u00e1 fenecido,<br>\nQue o viver mais encurtou,<br>\nE o descanso apetecido,<br>\nAlgo mais se aproximou.<br>\nGra\u00e7as mil por teus favores,<br>\nTua igreja, \u00f3 deus, te d\u00e1!<br>\nAleluias e louvores,<br>\nTeu poder nos suster\u00e1!<\/p>\n\n\n\n<p><strong>3\u00aa Estrofe<\/strong><br>\nTu proteges as fam\u00edlias,<br>\nVisitando cada lar;<br>\nSe o senhor nos auxilia,<br>\nQue nos pode aqui faltar?<br>\nOnde quer que te ame o homem,<br>\nE te sirva, andando bem,<br>\nFaze que seja o teu nome<br>\nExaltado sempre! am\u00e9m! am\u00e9m!<\/p>\n","protected":false},"excerpt":{"rendered":"<p>1\u00aa Estrofe Deus eterno, em tua presen\u00e7a, Nossos s\u00e9culos horas s\u00e3o E um segundo a exist\u00eancia Da humana gera\u00e7\u00e3o; Mas o homem que ao teu lado, Pela f\u00e9 quer j\u00e1 voar, Neste mundo de pecado, Lento o tempo v\u00ea passar. 2\u00aa Estrofe Outro ano h\u00e1 fenecido, Que o viver mais encurtou, E o descanso apetecido,&#8230; <a href=\"https:\/\/umsocorpo.com.br\/harpa-crista\/fim-do-ano-hino-da-harpa-crista-no480\/\">ler mais &raquo;<\/a><\/p>\n","protected":false},"author":1,"featured_media":0,"comment_status":"open","ping_status":"open","sticky":false,"template":"","format":"standard","meta":{"footnotes":""},"categories":[3225],"tags":[3217,1505,3219],"class_list":["post-10567","post","type-post","status-publish","format-standard","hentry","category-401-a-500","tag-crista","tag-harpa","tag-harpa-crista"],"_links":{"self":[{"href":"https:\/\/umsocorpo.com.br\/harpa-crista\/wp-json\/wp\/v2\/posts\/10567","targetHints":{"allow":["GET"]}}],"collection":[{"href":"https:\/\/umsocorpo.com.br\/harpa-crista\/wp-json\/wp\/v2\/posts"}],"about":[{"href":"https:\/\/umsocorpo.com.br\/harpa-crista\/wp-json\/wp\/v2\/types\/post"}],"author":[{"embeddable":true,"href":"https:\/\/umsocorpo.com.br\/harpa-crista\/wp-json\/wp\/v2\/users\/1"}],"replies":[{"embeddable":true,"href":"https:\/\/umsocorpo.com.br\/harpa-crista\/wp-json\/wp\/v2\/comments?post=10567"}],"version-history":[{"count":0,"href":"https:\/\/umsocorpo.com.br\/harpa-crista\/wp-json\/wp\/v2\/posts\/10567\/revisions"}],"wp:attachment":[{"href":"https:\/\/umsocorpo.com.br\/harpa-crista\/wp-json\/wp\/v2\/media?parent=10567"}],"wp:term":[{"taxonomy":"category","embeddable":true,"href":"https:\/\/umsocorpo.com.br\/harpa-crista\/wp-json\/wp\/v2\/categories?post=10567"},{"taxonomy":"post_tag","embeddable":true,"href":"https:\/\/umsocorpo.com.br\/harpa-crista\/wp-json\/wp\/v2\/tags?post=10567"}],"curies":[{"name":"wp","href":"https:\/\/api.w.org\/{rel}","templated":true}]}}