{"id":10561,"date":"2025-03-20T00:08:03","date_gmt":"2015-05-15T00:25:44","guid":{"rendered":"https:\/\/umsocorpo.com.br\/admin\/ora-vem-jesus-hino-da-harpa-crista-no483\/"},"modified":"2025-03-21T08:45:33","modified_gmt":"2025-03-21T11:45:33","slug":"ora-vem-jesus-hino-da-harpa-crista-no483","status":"publish","type":"post","link":"https:\/\/umsocorpo.com.br\/harpa-crista\/ora-vem-jesus-hino-da-harpa-crista-no483\/","title":{"rendered":"Ora Vem, Jesus &#8211; Hino da Harpa Crist\u00e3 N\u00ba483"},"content":{"rendered":"\n<figure class=\"wp-block-audio\"><audio controls src=\"https:\/\/umsocorpo.com.br\/harpa-crista\/admin\/wp-content\/uploads\/2025\/03\/ora-vem-jesus-hino-da-harpa-crista-no483.mp3\"><\/audio><\/figure>\n\n\n\n<p><strong>1\u00aa Estrofe<\/strong><br>\nDisse jesus, eis que presto eu venho,<br>\nTrago comigo, tamb\u00e9m galard\u00e3o;<br>\nVenho do c\u00e9u com a gl\u00f3ria que tenho,<br>\nO vigiai firmes na ora\u00e7\u00e3o!<\/p>\n\n\n\n<p><strong>&#8211; Coro &#8211;<\/strong><br>\nOra vem jesus, gloriosa luz,<br>\nAinda n\u00f3s te esperamos; ora vem jesus!<br>\nDe ver-te, sedentos bradamos: oh! senhor jesus<br>\nPor ti velando estamos; ora vem, jesus!<\/p>\n\n\n\n<p><strong>2\u00aa Estrofe<\/strong><br>\nDisse jesus, eis que presto eu venho,<br>\nE os remidos pro c\u00e9u levarei,<br>\nE em lugar do opr\u00f3brio do lenho,<br>\nUma coroa pra eles darei!<\/p>\n\n\n\n<p><strong>3\u00aa Estrofe<\/strong><br>\nDisse jesus, eis que presto eu venho,<br>\nA minha igreja vou arrebatar;<br>\nHoje buscai-me com todo o empenho,<br>\nPara que eu possa vos preparar!<\/p>\n","protected":false},"excerpt":{"rendered":"<p>1\u00aa Estrofe Disse jesus, eis que presto eu venho, Trago comigo, tamb\u00e9m galard\u00e3o; Venho do c\u00e9u com a gl\u00f3ria que tenho, O vigiai firmes na ora\u00e7\u00e3o! &#8211; Coro &#8211; Ora vem jesus, gloriosa luz, Ainda n\u00f3s te esperamos; ora vem jesus! De ver-te, sedentos bradamos: oh! senhor jesus Por ti velando estamos; ora vem, jesus!&#8230; <a href=\"https:\/\/umsocorpo.com.br\/harpa-crista\/ora-vem-jesus-hino-da-harpa-crista-no483\/\">ler mais &raquo;<\/a><\/p>\n","protected":false},"author":1,"featured_media":0,"comment_status":"open","ping_status":"open","sticky":false,"template":"","format":"standard","meta":{"footnotes":""},"categories":[3225],"tags":[3217,1505,3219],"class_list":["post-10561","post","type-post","status-publish","format-standard","hentry","category-401-a-500","tag-crista","tag-harpa","tag-harpa-crista"],"_links":{"self":[{"href":"https:\/\/umsocorpo.com.br\/harpa-crista\/wp-json\/wp\/v2\/posts\/10561","targetHints":{"allow":["GET"]}}],"collection":[{"href":"https:\/\/umsocorpo.com.br\/harpa-crista\/wp-json\/wp\/v2\/posts"}],"about":[{"href":"https:\/\/umsocorpo.com.br\/harpa-crista\/wp-json\/wp\/v2\/types\/post"}],"author":[{"embeddable":true,"href":"https:\/\/umsocorpo.com.br\/harpa-crista\/wp-json\/wp\/v2\/users\/1"}],"replies":[{"embeddable":true,"href":"https:\/\/umsocorpo.com.br\/harpa-crista\/wp-json\/wp\/v2\/comments?post=10561"}],"version-history":[{"count":0,"href":"https:\/\/umsocorpo.com.br\/harpa-crista\/wp-json\/wp\/v2\/posts\/10561\/revisions"}],"wp:attachment":[{"href":"https:\/\/umsocorpo.com.br\/harpa-crista\/wp-json\/wp\/v2\/media?parent=10561"}],"wp:term":[{"taxonomy":"category","embeddable":true,"href":"https:\/\/umsocorpo.com.br\/harpa-crista\/wp-json\/wp\/v2\/categories?post=10561"},{"taxonomy":"post_tag","embeddable":true,"href":"https:\/\/umsocorpo.com.br\/harpa-crista\/wp-json\/wp\/v2\/tags?post=10561"}],"curies":[{"name":"wp","href":"https:\/\/api.w.org\/{rel}","templated":true}]}}