{"id":10541,"date":"2025-03-20T00:08:13","date_gmt":"2015-05-15T00:25:40","guid":{"rendered":"https:\/\/umsocorpo.com.br\/admin\/ao-pai-voltai-hino-da-harpa-crista-no493\/"},"modified":"2025-03-21T08:45:37","modified_gmt":"2025-03-21T11:45:37","slug":"ao-pai-voltai-hino-da-harpa-crista-no493","status":"publish","type":"post","link":"https:\/\/umsocorpo.com.br\/harpa-crista\/ao-pai-voltai-hino-da-harpa-crista-no493\/","title":{"rendered":"Ao Pai Voltai &#8211; Hino da Harpa Crist\u00e3 N\u00ba493"},"content":{"rendered":"\n<figure class=\"wp-block-audio\"><audio controls src=\"https:\/\/umsocorpo.com.br\/harpa-crista\/admin\/wp-content\/uploads\/2025\/03\/ao-pai-voltai-hino-da-harpa-crista-no493.mp3\"><\/audio><\/figure>\n\n\n\n<p><strong>1\u00aa Estrofe<\/strong><br>\nAo pai voltai, v\u00f3s que chorais,<br>\nVoltai ao lar paterno;<br>\nPois l\u00e1 jesus, em santa luz,<br>\nVos d\u00e1 um gozo eterno!<\/p>\n\n\n\n<p><strong>&#8211; Coro &#8211;<\/strong><br>\nAo pai voltai, voltai ao lar eterno;<br>\nA deus tomai, ao vosso lar paterno.<\/p>\n\n\n\n<p><strong>2\u00aa Estrofe<\/strong><br>\nO pai est\u00e1 ansioso l\u00e1,<br>\nPois quer vos ver a salvo;<br>\nTereis ent\u00e3o a salva\u00e7\u00e3o<br>\nSe cristo for o alvo!<\/p>\n\n\n\n<p><strong>3\u00aa Estrofe<\/strong><br>\nO mal deixai e regressei<br>\nPra o lar do pai glorioso,<br>\nEnt\u00e3o, assim, sereis enfim<br>\nPra sempre mui ditoso.<\/p>\n\n\n\n<p><strong>4\u00aa Estrofe<\/strong><br>\nN\u00e3o recuseis, mas escolhei<br>\nA cristo, o vero trilho;<br>\nVoltai ao lar, pra l\u00e1 morar,<br>\nCom deus e com seu filho.<\/p>\n","protected":false},"excerpt":{"rendered":"<p>1\u00aa Estrofe Ao pai voltai, v\u00f3s que chorais, Voltai ao lar paterno; Pois l\u00e1 jesus, em santa luz, Vos d\u00e1 um gozo eterno! &#8211; Coro &#8211; Ao pai voltai, voltai ao lar eterno; A deus tomai, ao vosso lar paterno. 2\u00aa Estrofe O pai est\u00e1 ansioso l\u00e1, Pois quer vos ver a salvo; Tereis ent\u00e3o&#8230; <a href=\"https:\/\/umsocorpo.com.br\/harpa-crista\/ao-pai-voltai-hino-da-harpa-crista-no493\/\">ler mais &raquo;<\/a><\/p>\n","protected":false},"author":1,"featured_media":0,"comment_status":"open","ping_status":"open","sticky":false,"template":"","format":"standard","meta":{"footnotes":""},"categories":[3225],"tags":[3217,1505,3219],"class_list":["post-10541","post","type-post","status-publish","format-standard","hentry","category-401-a-500","tag-crista","tag-harpa","tag-harpa-crista"],"_links":{"self":[{"href":"https:\/\/umsocorpo.com.br\/harpa-crista\/wp-json\/wp\/v2\/posts\/10541","targetHints":{"allow":["GET"]}}],"collection":[{"href":"https:\/\/umsocorpo.com.br\/harpa-crista\/wp-json\/wp\/v2\/posts"}],"about":[{"href":"https:\/\/umsocorpo.com.br\/harpa-crista\/wp-json\/wp\/v2\/types\/post"}],"author":[{"embeddable":true,"href":"https:\/\/umsocorpo.com.br\/harpa-crista\/wp-json\/wp\/v2\/users\/1"}],"replies":[{"embeddable":true,"href":"https:\/\/umsocorpo.com.br\/harpa-crista\/wp-json\/wp\/v2\/comments?post=10541"}],"version-history":[{"count":0,"href":"https:\/\/umsocorpo.com.br\/harpa-crista\/wp-json\/wp\/v2\/posts\/10541\/revisions"}],"wp:attachment":[{"href":"https:\/\/umsocorpo.com.br\/harpa-crista\/wp-json\/wp\/v2\/media?parent=10541"}],"wp:term":[{"taxonomy":"category","embeddable":true,"href":"https:\/\/umsocorpo.com.br\/harpa-crista\/wp-json\/wp\/v2\/categories?post=10541"},{"taxonomy":"post_tag","embeddable":true,"href":"https:\/\/umsocorpo.com.br\/harpa-crista\/wp-json\/wp\/v2\/tags?post=10541"}],"curies":[{"name":"wp","href":"https:\/\/api.w.org\/{rel}","templated":true}]}}