{"id":10499,"date":"2025-03-20T00:08:34","date_gmt":"2015-05-15T00:25:37","guid":{"rendered":"https:\/\/umsocorpo.com.br\/admin\/em-gloria-esplendente-hino-da-harpa-crista-no514\/"},"modified":"2025-03-21T09:13:11","modified_gmt":"2025-03-21T12:13:11","slug":"em-gloria-esplendente-hino-da-harpa-crista-no514","status":"publish","type":"post","link":"https:\/\/umsocorpo.com.br\/harpa-crista\/em-gloria-esplendente-hino-da-harpa-crista-no514\/","title":{"rendered":"Em Gl\u00f3ria Esplendente &#8211; Hino da Harpa Crist\u00e3 N\u00ba514"},"content":{"rendered":"\n<figure class=\"wp-block-audio\"><audio controls src=\"https:\/\/umsocorpo.com.br\/harpa-crista\/admin\/wp-content\/uploads\/2025\/03\/em-gloria-esplendente-hino-da-harpa-crista-no514.mp3\"><\/audio><\/figure>\n\n\n\n<p><strong>1\u00aa Estrofe<\/strong><br>\nEm gl\u00f3ria esplendente, na nuvem luzente,<br>\nAo mundo vir\u00e1, outra vez, o senhor;<br>\nO santo cordeiro, que l\u00e1 no madeiro,<br>\nVerteu o seu sangue purificador.<\/p>\n\n\n\n<p><strong>&#8211; Coro &#8211;<\/strong><br>\nSe cristo agora voltar, tu?alma ir\u00e1 jubilar?<br>\nTens l\u00e2mpada pronta e as vestes tamb\u00e9m,<br>\nPra ires com cristo al\u00e9m?<br>\nN\u00e3o mais te demores, mas vem a jesus.<br>\nA fim de acender tua luz.<\/p>\n\n\n\n<p><strong>2\u00aa Estrofe<\/strong><br>\nCome\u00e7ando a ira, perece a mentira,<br>\nNo dia da vinda de cristo, o senhor;<br>\nO mundo, enganado, no v\u00edcio e pecado,<br>\nN\u00e3o vai tomar parte nas bodas de amor.<\/p>\n\n\n\n<p><strong>3\u00aa Estrofe<\/strong><br>\nA gra\u00e7a perfeita, n\u00e3o temendo, aceita,<br>\nPois breve jesus h\u00e1 de vir, l\u00e1 do c\u00e9u;<br>\n\u00d3 veste tu?alma, com gra\u00e7a e com calma.<br>\nDe dia e de noite, orando ao teu deus.<\/p>\n","protected":false},"excerpt":{"rendered":"<p>1\u00aa Estrofe Em gl\u00f3ria esplendente, na nuvem luzente, Ao mundo vir\u00e1, outra vez, o senhor; O santo cordeiro, que l\u00e1 no madeiro, Verteu o seu sangue purificador. &#8211; Coro &#8211; Se cristo agora voltar, tu?alma ir\u00e1 jubilar? Tens l\u00e2mpada pronta e as vestes tamb\u00e9m, Pra ires com cristo al\u00e9m? N\u00e3o mais te demores, mas vem&#8230; <a href=\"https:\/\/umsocorpo.com.br\/harpa-crista\/em-gloria-esplendente-hino-da-harpa-crista-no514\/\">ler mais &raquo;<\/a><\/p>\n","protected":false},"author":1,"featured_media":0,"comment_status":"open","ping_status":"open","sticky":false,"template":"","format":"standard","meta":{"footnotes":""},"categories":[3226],"tags":[3217,1505,3219],"class_list":["post-10499","post","type-post","status-publish","format-standard","hentry","category-501-a-600","tag-crista","tag-harpa","tag-harpa-crista"],"_links":{"self":[{"href":"https:\/\/umsocorpo.com.br\/harpa-crista\/wp-json\/wp\/v2\/posts\/10499","targetHints":{"allow":["GET"]}}],"collection":[{"href":"https:\/\/umsocorpo.com.br\/harpa-crista\/wp-json\/wp\/v2\/posts"}],"about":[{"href":"https:\/\/umsocorpo.com.br\/harpa-crista\/wp-json\/wp\/v2\/types\/post"}],"author":[{"embeddable":true,"href":"https:\/\/umsocorpo.com.br\/harpa-crista\/wp-json\/wp\/v2\/users\/1"}],"replies":[{"embeddable":true,"href":"https:\/\/umsocorpo.com.br\/harpa-crista\/wp-json\/wp\/v2\/comments?post=10499"}],"version-history":[{"count":0,"href":"https:\/\/umsocorpo.com.br\/harpa-crista\/wp-json\/wp\/v2\/posts\/10499\/revisions"}],"wp:attachment":[{"href":"https:\/\/umsocorpo.com.br\/harpa-crista\/wp-json\/wp\/v2\/media?parent=10499"}],"wp:term":[{"taxonomy":"category","embeddable":true,"href":"https:\/\/umsocorpo.com.br\/harpa-crista\/wp-json\/wp\/v2\/categories?post=10499"},{"taxonomy":"post_tag","embeddable":true,"href":"https:\/\/umsocorpo.com.br\/harpa-crista\/wp-json\/wp\/v2\/tags?post=10499"}],"curies":[{"name":"wp","href":"https:\/\/api.w.org\/{rel}","templated":true}]}}