{"id":10497,"date":"2025-03-20T00:08:35","date_gmt":"2015-05-15T00:25:37","guid":{"rendered":"https:\/\/umsocorpo.com.br\/admin\/se-cristo-comigo-vai-hino-da-harpa-crista-no515\/"},"modified":"2025-03-21T09:13:12","modified_gmt":"2025-03-21T12:13:12","slug":"se-cristo-comigo-vai-hino-da-harpa-crista-no515","status":"publish","type":"post","link":"https:\/\/umsocorpo.com.br\/harpa-crista\/se-cristo-comigo-vai-hino-da-harpa-crista-no515\/","title":{"rendered":"Se Cristo Comigo Vai &#8211; Hino da Harpa Crist\u00e3 N\u00ba515"},"content":{"rendered":"\n<figure class=\"wp-block-audio\"><audio controls src=\"https:\/\/umsocorpo.com.br\/harpa-crista\/admin\/wp-content\/uploads\/2025\/03\/se-cristo-comigo-vai-hino-da-harpa-crista-no515.mp3\"><\/audio><\/figure>\n\n\n\n<p><strong>1\u00aa Estrofe<\/strong><br>\nSe, pelos vales, eu peregrino vou andar<br>\nOu na luz gloriosa de cristo habitar,<br>\nIrei com meu senhor pra onde ele for.<br>\nConfiando na gra\u00e7a de meu salvador.<\/p>\n\n\n\n<p><strong>&#8211; Coro &#8211;<\/strong><br>\nSe cristo comigo vai, eu irei<br>\nE n\u00e3o temerei, com gozo irei; comigo vai;<br>\nE grato servir a jesus, levar a cruz;<br>\nSe cristo comigo vai, eu irei.<\/p>\n\n\n\n<p><strong>2\u00aa Estrofe<\/strong><br>\nSe l\u00e1 para o deserto jesus me quer mandar;<br>\nLevando boas novas de salva\u00e7\u00e3o sem par;<br>\nEu lidarei, ent\u00e3o, com paz no cora\u00e7\u00e3o.<br>\nA cristo seguindo, sem mais dila\u00e7\u00e3o.<\/p>\n\n\n\n<p><strong>3\u00aa Estrofe<\/strong><br>\nSer\u00e1 a minha sorte a dura cruz levar,<br>\nSua gra\u00e7a e seu poder, quero sempre aqui contar.<br>\nContente com jesus, levando a minha cruz.<br>\nEu falo de cristo que \u00e9 minha luz.<\/p>\n\n\n\n<p><strong>4\u00aa Estrofe<\/strong><br>\nAo salvador jesus eu desejo obedecer,<br>\nPois na sua palavra encontro o meu saber;<br>\nFiel a deus serei, o mundo vencerei,<br>\nJesus vai comigo, n\u00e3o mais temerei.<\/p>\n","protected":false},"excerpt":{"rendered":"<p>1\u00aa Estrofe Se, pelos vales, eu peregrino vou andar Ou na luz gloriosa de cristo habitar, Irei com meu senhor pra onde ele for. Confiando na gra\u00e7a de meu salvador. &#8211; Coro &#8211; Se cristo comigo vai, eu irei E n\u00e3o temerei, com gozo irei; comigo vai; E grato servir a jesus, levar a cruz;&#8230; <a href=\"https:\/\/umsocorpo.com.br\/harpa-crista\/se-cristo-comigo-vai-hino-da-harpa-crista-no515\/\">ler mais &raquo;<\/a><\/p>\n","protected":false},"author":1,"featured_media":0,"comment_status":"open","ping_status":"open","sticky":false,"template":"","format":"standard","meta":{"footnotes":""},"categories":[3226],"tags":[3217,1505,3219],"class_list":["post-10497","post","type-post","status-publish","format-standard","hentry","category-501-a-600","tag-crista","tag-harpa","tag-harpa-crista"],"_links":{"self":[{"href":"https:\/\/umsocorpo.com.br\/harpa-crista\/wp-json\/wp\/v2\/posts\/10497","targetHints":{"allow":["GET"]}}],"collection":[{"href":"https:\/\/umsocorpo.com.br\/harpa-crista\/wp-json\/wp\/v2\/posts"}],"about":[{"href":"https:\/\/umsocorpo.com.br\/harpa-crista\/wp-json\/wp\/v2\/types\/post"}],"author":[{"embeddable":true,"href":"https:\/\/umsocorpo.com.br\/harpa-crista\/wp-json\/wp\/v2\/users\/1"}],"replies":[{"embeddable":true,"href":"https:\/\/umsocorpo.com.br\/harpa-crista\/wp-json\/wp\/v2\/comments?post=10497"}],"version-history":[{"count":0,"href":"https:\/\/umsocorpo.com.br\/harpa-crista\/wp-json\/wp\/v2\/posts\/10497\/revisions"}],"wp:attachment":[{"href":"https:\/\/umsocorpo.com.br\/harpa-crista\/wp-json\/wp\/v2\/media?parent=10497"}],"wp:term":[{"taxonomy":"category","embeddable":true,"href":"https:\/\/umsocorpo.com.br\/harpa-crista\/wp-json\/wp\/v2\/categories?post=10497"},{"taxonomy":"post_tag","embeddable":true,"href":"https:\/\/umsocorpo.com.br\/harpa-crista\/wp-json\/wp\/v2\/tags?post=10497"}],"curies":[{"name":"wp","href":"https:\/\/api.w.org\/{rel}","templated":true}]}}