{"id":10489,"date":"2025-03-20T00:08:39","date_gmt":"2015-05-15T00:25:37","guid":{"rendered":"https:\/\/umsocorpo.com.br\/admin\/achei-jesus-meu-salvador-hino-da-harpa-crista-no519\/"},"modified":"2025-03-21T09:13:12","modified_gmt":"2025-03-21T12:13:12","slug":"achei-jesus-meu-salvador-hino-da-harpa-crista-no519","status":"publish","type":"post","link":"https:\/\/umsocorpo.com.br\/harpa-crista\/achei-jesus-meu-salvador-hino-da-harpa-crista-no519\/","title":{"rendered":"Achei Jesus, Meu Salvador &#8211; Hino da Harpa Crist\u00e3 N\u00ba519"},"content":{"rendered":"\n<figure class=\"wp-block-audio\"><audio controls src=\"https:\/\/umsocorpo.com.br\/harpa-crista\/admin\/wp-content\/uploads\/2025\/03\/achei-jesus-meu-salvador-hino-da-harpa-crista-no519.mp3\"><\/audio><\/figure>\n\n\n\n<p><strong>1\u00aa Estrofe<\/strong><br>\nAchei jesus, o meu salvador,<br>\nDe amor fiel, veraz;<br>\nN\u00e3o cessarei de lhe dar louvor,<br>\nPois tenho a salva\u00e7\u00e3o e paz.<\/p>\n\n\n\n<p><strong>&#8211; Coro &#8211;<\/strong><br>\nSalvo por cristo sou,<br>\nSalvo por quem me amou!<br>\nPerfeita paz, ele agora me traz,<br>\nPorque salvo estou!<\/p>\n\n\n\n<p><strong>2\u00aa Estrofe<\/strong><br>\nVem me guardar sua forte m\u00e3o,<br>\nDe todo o v\u00edcio e mal;<br>\nVencendo vou cada tenta\u00e7\u00e3o;<br>\nSust\u00e9m-me o bra\u00e7o divinal.<\/p>\n\n\n\n<p><strong>3\u00aa Estrofe<\/strong><br>\nJesus me achou, t\u00e3o aflito e mal,<br>\nSem ter consola\u00e7\u00e3o;<br>\nChamou-me a si, com amor real;<br>\nCheguei-me e achei a salva\u00e7\u00e3o.<\/p>\n\n\n\n<p><strong>4\u00aa Estrofe<\/strong><br>\nDa morte eterna me resgatou,<br>\nDa dura escravid\u00e3o;<br>\nNa rocha eterna seguro estou;<br>\nCantando vou, com gratid\u00e3o.<\/p>\n","protected":false},"excerpt":{"rendered":"<p>1\u00aa Estrofe Achei jesus, o meu salvador, De amor fiel, veraz; N\u00e3o cessarei de lhe dar louvor, Pois tenho a salva\u00e7\u00e3o e paz. &#8211; Coro &#8211; Salvo por cristo sou, Salvo por quem me amou! Perfeita paz, ele agora me traz, Porque salvo estou! 2\u00aa Estrofe Vem me guardar sua forte m\u00e3o, De todo o&#8230; <a href=\"https:\/\/umsocorpo.com.br\/harpa-crista\/achei-jesus-meu-salvador-hino-da-harpa-crista-no519\/\">ler mais &raquo;<\/a><\/p>\n","protected":false},"author":1,"featured_media":0,"comment_status":"open","ping_status":"open","sticky":false,"template":"","format":"standard","meta":{"footnotes":""},"categories":[3226],"tags":[3217,1505,3219],"class_list":["post-10489","post","type-post","status-publish","format-standard","hentry","category-501-a-600","tag-crista","tag-harpa","tag-harpa-crista"],"_links":{"self":[{"href":"https:\/\/umsocorpo.com.br\/harpa-crista\/wp-json\/wp\/v2\/posts\/10489","targetHints":{"allow":["GET"]}}],"collection":[{"href":"https:\/\/umsocorpo.com.br\/harpa-crista\/wp-json\/wp\/v2\/posts"}],"about":[{"href":"https:\/\/umsocorpo.com.br\/harpa-crista\/wp-json\/wp\/v2\/types\/post"}],"author":[{"embeddable":true,"href":"https:\/\/umsocorpo.com.br\/harpa-crista\/wp-json\/wp\/v2\/users\/1"}],"replies":[{"embeddable":true,"href":"https:\/\/umsocorpo.com.br\/harpa-crista\/wp-json\/wp\/v2\/comments?post=10489"}],"version-history":[{"count":0,"href":"https:\/\/umsocorpo.com.br\/harpa-crista\/wp-json\/wp\/v2\/posts\/10489\/revisions"}],"wp:attachment":[{"href":"https:\/\/umsocorpo.com.br\/harpa-crista\/wp-json\/wp\/v2\/media?parent=10489"}],"wp:term":[{"taxonomy":"category","embeddable":true,"href":"https:\/\/umsocorpo.com.br\/harpa-crista\/wp-json\/wp\/v2\/categories?post=10489"},{"taxonomy":"post_tag","embeddable":true,"href":"https:\/\/umsocorpo.com.br\/harpa-crista\/wp-json\/wp\/v2\/tags?post=10489"}],"curies":[{"name":"wp","href":"https:\/\/api.w.org\/{rel}","templated":true}]}}