{"id":10443,"date":"2025-03-20T00:09:02","date_gmt":"2015-05-15T00:25:35","guid":{"rendered":"https:\/\/umsocorpo.com.br\/admin\/historia-de-cristo-hino-da-harpa-crista-no542\/"},"modified":"2025-03-21T09:54:16","modified_gmt":"2025-03-21T12:54:16","slug":"historia-de-cristo-hino-da-harpa-crista-no542","status":"publish","type":"post","link":"https:\/\/umsocorpo.com.br\/harpa-crista\/historia-de-cristo-hino-da-harpa-crista-no542\/","title":{"rendered":"Hist\u00f3ria De Cristo &#8211; Hino da Harpa Crist\u00e3 N\u00ba542"},"content":{"rendered":"\n<figure class=\"wp-block-audio\"><audio controls src=\"https:\/\/umsocorpo.com.br\/harpa-crista\/admin\/wp-content\/uploads\/2025\/03\/historia-de-cristo-hino-da-harpa-crista-no542.mp3\"><\/audio><\/figure>\n\n\n\n<p><strong>1\u00aa Estrofe<\/strong><br>\nConta-me a hist\u00f3ria de cristo,<br>\nGrava-a no meu cora\u00e7\u00e3o,<br>\nA linda hist\u00f3ria inaudita,<br>\nDe gra\u00e7a, paz e perd\u00e3o!<br>\nConta como ele, encarnando,<br>\nVeio no mundo morar,<br>\nE aos pecadores, indignos,<br>\nDe deus o amor revelar!<\/p>\n\n\n\n<p><strong>2\u00aa Estrofe<\/strong><br>\nConta como ele, bondoso,<br>\nNunca a ningu\u00e9m rejeitou,<br>\nComo, de m\u00e3os estendidas,<br>\nTodos a si convidou!<br>\nComo n\u00e3o pode o bom mestre,<br>\nSeja a quem for, recusar,<br>\nSe, convencido e contrito,<br>\nO seu convite aceitar.<\/p>\n\n\n\n<p><strong>3\u00aa Estrofe<\/strong><br>\nConta-me quando no monte<br>\nSobre a cidade chorou,<br>\nPois orgulhosa e rebelde<br>\nO seu amor rejeitou!<br>\nConta como ele ainda chora<br>\nSobre os que seguem o mal;<br>\nE, endurecidos, resistem<br>\nAo seu amor divinal.<\/p>\n\n\n\n<p><strong>4\u00aa Estrofe<\/strong><br>\nConta tamb\u00e9m como cristo,<br>\nMesmo na cruz, se lembrou<br>\nDos seus cru\u00e9is inimigos,<br>\nE ao pai por eles rogou!<br>\nComo ao ladr\u00e3o moribundo<br>\nT\u00e3o prontamente escutou,<br>\nE, nesse dia, consigo<br>\nPara o descanso o levou!<\/p>\n\n\n\n<p><strong>5\u00aa Estrofe<\/strong><br>\nConta-me as duras afrontas<br>\nQue mansamente sofreu:<br>\nComo, na cruz levantado,<br>\nEle por \u00edmpios morreu!<br>\nD\u00e1-me o viver na certeza<br>\nDe que foi mesmo por mim!<br>\nQue seu amor inef\u00e1vel<\/p>\n","protected":false},"excerpt":{"rendered":"<p>1\u00aa Estrofe Conta-me a hist\u00f3ria de cristo, Grava-a no meu cora\u00e7\u00e3o, A linda hist\u00f3ria inaudita, De gra\u00e7a, paz e perd\u00e3o! Conta como ele, encarnando, Veio no mundo morar, E aos pecadores, indignos, De deus o amor revelar! 2\u00aa Estrofe Conta como ele, bondoso, Nunca a ningu\u00e9m rejeitou, Como, de m\u00e3os estendidas, Todos a si convidou!&#8230; <a href=\"https:\/\/umsocorpo.com.br\/harpa-crista\/historia-de-cristo-hino-da-harpa-crista-no542\/\">ler mais &raquo;<\/a><\/p>\n","protected":false},"author":1,"featured_media":0,"comment_status":"open","ping_status":"open","sticky":false,"template":"","format":"standard","meta":{"footnotes":""},"categories":[3226],"tags":[3217,1505,3219],"class_list":["post-10443","post","type-post","status-publish","format-standard","hentry","category-501-a-600","tag-crista","tag-harpa","tag-harpa-crista"],"_links":{"self":[{"href":"https:\/\/umsocorpo.com.br\/harpa-crista\/wp-json\/wp\/v2\/posts\/10443","targetHints":{"allow":["GET"]}}],"collection":[{"href":"https:\/\/umsocorpo.com.br\/harpa-crista\/wp-json\/wp\/v2\/posts"}],"about":[{"href":"https:\/\/umsocorpo.com.br\/harpa-crista\/wp-json\/wp\/v2\/types\/post"}],"author":[{"embeddable":true,"href":"https:\/\/umsocorpo.com.br\/harpa-crista\/wp-json\/wp\/v2\/users\/1"}],"replies":[{"embeddable":true,"href":"https:\/\/umsocorpo.com.br\/harpa-crista\/wp-json\/wp\/v2\/comments?post=10443"}],"version-history":[{"count":0,"href":"https:\/\/umsocorpo.com.br\/harpa-crista\/wp-json\/wp\/v2\/posts\/10443\/revisions"}],"wp:attachment":[{"href":"https:\/\/umsocorpo.com.br\/harpa-crista\/wp-json\/wp\/v2\/media?parent=10443"}],"wp:term":[{"taxonomy":"category","embeddable":true,"href":"https:\/\/umsocorpo.com.br\/harpa-crista\/wp-json\/wp\/v2\/categories?post=10443"},{"taxonomy":"post_tag","embeddable":true,"href":"https:\/\/umsocorpo.com.br\/harpa-crista\/wp-json\/wp\/v2\/tags?post=10443"}],"curies":[{"name":"wp","href":"https:\/\/api.w.org\/{rel}","templated":true}]}}