{"id":10423,"date":"2025-03-20T00:09:12","date_gmt":"2015-05-15T00:25:35","guid":{"rendered":"https:\/\/umsocorpo.com.br\/admin\/quando-para-o-ceu-nos-formos-hino-da-harpa-crista-no552\/"},"modified":"2025-03-21T09:54:18","modified_gmt":"2025-03-21T12:54:18","slug":"quando-para-o-ceu-nos-formos-hino-da-harpa-crista-no552","status":"publish","type":"post","link":"https:\/\/umsocorpo.com.br\/harpa-crista\/quando-para-o-ceu-nos-formos-hino-da-harpa-crista-no552\/","title":{"rendered":"Quando Para O C\u00e9u N\u00f3s Formos &#8211; Hino da Harpa Crist\u00e3 N\u00ba552"},"content":{"rendered":"\n<figure class=\"wp-block-audio\"><audio controls src=\"https:\/\/umsocorpo.com.br\/harpa-crista\/admin\/wp-content\/uploads\/2025\/03\/quando-para-o-ceu-nos-formos-hino-da-harpa-crista-no552.mp3\"><\/audio><\/figure>\n\n\n\n<p><strong>1\u00aa Estrofe<\/strong><br>\nCanta o grande amor de cristo,<br>\nSua gra\u00e7a e compaix\u00e3o:<br>\nNum lugar tranq\u00fcilo e belo<br>\nFaz-nos eternal mans\u00e3o.<\/p>\n\n\n\n<p><strong>&#8211; Coro &#8211;<\/strong><br>\nQuando ao c\u00e9u n\u00f3s chegarmos,<br>\nOh! que dia de j\u00fabilo h\u00e1 de ser!<br>\nA jesus daremos<br>\nHosanas, cheios de prazer.<\/p>\n\n\n\n<p><strong>2\u00aa Estrofe<\/strong><br>\nSomos hoje peregrinos:<br>\nNuvens toldam nosso c\u00e9u,<br>\nMas um dia ? estrada finda &#8211;<br>\nN\u00e3o mais sombras, n\u00e3o mais v\u00e9u.<\/p>\n\n\n\n<p><strong>3\u00aa Estrofe<\/strong><br>\nVamos ser leais, portanto,<br>\nSeja em crer, seja em servir!<br>\nUm relance l\u00e1 da gl\u00f3ria<br>\nAtra\u00e7\u00e3o d\u00e1 ao porvir.<\/p>\n\n\n\n<p><strong>4\u00aa Estrofe<\/strong><br>\nEia, ao galard\u00e3o depressa:<br>\nVamos logo ao c\u00e9u chegar:<br>\nAbrem-se os portais gloriosos:<br>\nEis jesus a nos saudar.<\/p>\n","protected":false},"excerpt":{"rendered":"<p>1\u00aa Estrofe Canta o grande amor de cristo, Sua gra\u00e7a e compaix\u00e3o: Num lugar tranq\u00fcilo e belo Faz-nos eternal mans\u00e3o. &#8211; Coro &#8211; Quando ao c\u00e9u n\u00f3s chegarmos, Oh! que dia de j\u00fabilo h\u00e1 de ser! A jesus daremos Hosanas, cheios de prazer. 2\u00aa Estrofe Somos hoje peregrinos: Nuvens toldam nosso c\u00e9u, Mas um dia&#8230; <a href=\"https:\/\/umsocorpo.com.br\/harpa-crista\/quando-para-o-ceu-nos-formos-hino-da-harpa-crista-no552\/\">ler mais &raquo;<\/a><\/p>\n","protected":false},"author":1,"featured_media":0,"comment_status":"open","ping_status":"open","sticky":false,"template":"","format":"standard","meta":{"footnotes":""},"categories":[3226],"tags":[3217,1505,3219],"class_list":["post-10423","post","type-post","status-publish","format-standard","hentry","category-501-a-600","tag-crista","tag-harpa","tag-harpa-crista"],"_links":{"self":[{"href":"https:\/\/umsocorpo.com.br\/harpa-crista\/wp-json\/wp\/v2\/posts\/10423","targetHints":{"allow":["GET"]}}],"collection":[{"href":"https:\/\/umsocorpo.com.br\/harpa-crista\/wp-json\/wp\/v2\/posts"}],"about":[{"href":"https:\/\/umsocorpo.com.br\/harpa-crista\/wp-json\/wp\/v2\/types\/post"}],"author":[{"embeddable":true,"href":"https:\/\/umsocorpo.com.br\/harpa-crista\/wp-json\/wp\/v2\/users\/1"}],"replies":[{"embeddable":true,"href":"https:\/\/umsocorpo.com.br\/harpa-crista\/wp-json\/wp\/v2\/comments?post=10423"}],"version-history":[{"count":0,"href":"https:\/\/umsocorpo.com.br\/harpa-crista\/wp-json\/wp\/v2\/posts\/10423\/revisions"}],"wp:attachment":[{"href":"https:\/\/umsocorpo.com.br\/harpa-crista\/wp-json\/wp\/v2\/media?parent=10423"}],"wp:term":[{"taxonomy":"category","embeddable":true,"href":"https:\/\/umsocorpo.com.br\/harpa-crista\/wp-json\/wp\/v2\/categories?post=10423"},{"taxonomy":"post_tag","embeddable":true,"href":"https:\/\/umsocorpo.com.br\/harpa-crista\/wp-json\/wp\/v2\/tags?post=10423"}],"curies":[{"name":"wp","href":"https:\/\/api.w.org\/{rel}","templated":true}]}}