{"id":10407,"date":"2025-03-20T00:09:20","date_gmt":"2015-05-15T00:25:34","guid":{"rendered":"https:\/\/umsocorpo.com.br\/admin\/tenho-paz-em-meu-ser-hino-da-harpa-crista-no560\/"},"modified":"2025-03-21T09:54:22","modified_gmt":"2025-03-21T12:54:22","slug":"tenho-paz-em-meu-ser-hino-da-harpa-crista-no560","status":"publish","type":"post","link":"https:\/\/umsocorpo.com.br\/harpa-crista\/tenho-paz-em-meu-ser-hino-da-harpa-crista-no560\/","title":{"rendered":"Tenho Paz Em Meu Ser &#8211; Hino da Harpa Crist\u00e3 N\u00ba560"},"content":{"rendered":"\n<figure class=\"wp-block-audio\"><audio controls src=\"https:\/\/umsocorpo.com.br\/harpa-crista\/admin\/wp-content\/uploads\/2025\/03\/tenho-paz-em-meu-ser-hino-da-harpa-crista-no560.mp3\"><\/audio><\/figure>\n\n\n\n<p><strong>1\u00aa Estrofe<\/strong><br>\nTenho paz em meu ser, uma perfeita paz,<br>\nQue o mundo n\u00e3o me pode dar.<br>\nE na prova fatal ou na luta mortal<br>\nTenho paz para me confortar.<\/p>\n\n\n\n<p><strong>&#8211; Coro &#8211;<\/strong><br>\nEm meu ser habita cristo, o senhor.<br>\nEm meu ser habita profundo amor!<br>\nSim, n\u00e3o me desampara: ele \u00e9 fiei:<br>\nEstar\u00e1 comigo, meu salvador.<\/p>\n\n\n\n<p><strong>2\u00aa Estrofe<\/strong><br>\nQuando eu fui a jesus, encontrei plena luz,<br>\nDe paz a minh?alma inundou.<br>\nToda noite passou: novo dia raiou,<br>\nPorque cristo jesus me salvou.<\/p>\n\n\n\n<p><strong>3\u00aa Estrofe<\/strong><br>\nEsta paz sem igual, que me livra do mal,<br>\nSublime, sem par, eternal,<br>\nN\u00e3o a quero deixar: ela vai me ajudar,<br>\nT\u00e9 chegar \u00e0 mans\u00e3o celestial.<\/p>\n","protected":false},"excerpt":{"rendered":"<p>1\u00aa Estrofe Tenho paz em meu ser, uma perfeita paz, Que o mundo n\u00e3o me pode dar. E na prova fatal ou na luta mortal Tenho paz para me confortar. &#8211; Coro &#8211; Em meu ser habita cristo, o senhor. Em meu ser habita profundo amor! Sim, n\u00e3o me desampara: ele \u00e9 fiei: Estar\u00e1 comigo,&#8230; <a href=\"https:\/\/umsocorpo.com.br\/harpa-crista\/tenho-paz-em-meu-ser-hino-da-harpa-crista-no560\/\">ler mais &raquo;<\/a><\/p>\n","protected":false},"author":1,"featured_media":0,"comment_status":"open","ping_status":"open","sticky":false,"template":"","format":"standard","meta":{"footnotes":""},"categories":[3226],"tags":[3217,1505,3219],"class_list":["post-10407","post","type-post","status-publish","format-standard","hentry","category-501-a-600","tag-crista","tag-harpa","tag-harpa-crista"],"_links":{"self":[{"href":"https:\/\/umsocorpo.com.br\/harpa-crista\/wp-json\/wp\/v2\/posts\/10407","targetHints":{"allow":["GET"]}}],"collection":[{"href":"https:\/\/umsocorpo.com.br\/harpa-crista\/wp-json\/wp\/v2\/posts"}],"about":[{"href":"https:\/\/umsocorpo.com.br\/harpa-crista\/wp-json\/wp\/v2\/types\/post"}],"author":[{"embeddable":true,"href":"https:\/\/umsocorpo.com.br\/harpa-crista\/wp-json\/wp\/v2\/users\/1"}],"replies":[{"embeddable":true,"href":"https:\/\/umsocorpo.com.br\/harpa-crista\/wp-json\/wp\/v2\/comments?post=10407"}],"version-history":[{"count":0,"href":"https:\/\/umsocorpo.com.br\/harpa-crista\/wp-json\/wp\/v2\/posts\/10407\/revisions"}],"wp:attachment":[{"href":"https:\/\/umsocorpo.com.br\/harpa-crista\/wp-json\/wp\/v2\/media?parent=10407"}],"wp:term":[{"taxonomy":"category","embeddable":true,"href":"https:\/\/umsocorpo.com.br\/harpa-crista\/wp-json\/wp\/v2\/categories?post=10407"},{"taxonomy":"post_tag","embeddable":true,"href":"https:\/\/umsocorpo.com.br\/harpa-crista\/wp-json\/wp\/v2\/tags?post=10407"}],"curies":[{"name":"wp","href":"https:\/\/api.w.org\/{rel}","templated":true}]}}