{"id":10371,"date":"2025-03-20T00:09:38","date_gmt":"2015-05-15T00:25:33","guid":{"rendered":"https:\/\/umsocorpo.com.br\/admin\/sossegai-hino-da-harpa-crista-no578\/"},"modified":"2025-03-21T10:08:19","modified_gmt":"2025-03-21T13:08:19","slug":"sossegai-hino-da-harpa-crista-no578","status":"publish","type":"post","link":"https:\/\/umsocorpo.com.br\/harpa-crista\/sossegai-hino-da-harpa-crista-no578\/","title":{"rendered":"Sossegai! &#8211; Hino da Harpa Crist\u00e3 N\u00ba578"},"content":{"rendered":"\n<figure class=\"wp-block-audio\"><audio controls src=\"https:\/\/umsocorpo.com.br\/harpa-crista\/admin\/wp-content\/uploads\/2025\/03\/sossegai-hino-da-harpa-crista-no578.mp3\"><\/audio><\/figure>\n\n\n\n<p><strong>1\u00aa Estrofe<\/strong><br>\n? \u00f3 mestre! o mar se revolta:<br>\nAs ondas nos d\u00e3o pavor:<br>\nO c\u00e9u se reveste de trevas:<br>\nN\u00e3o temos um salvador!<br>\nN\u00e3o se te d\u00e1 que morramos?<br>\nPodes assim dormir.<br>\nSe a cada momento nos vemos,<br>\nSim, prestes a submergir?<\/p>\n\n\n\n<p><strong>&#8211; Coro &#8211;<\/strong><br>\n? ?as ondas atendem ao meu mandar:<br>\nSossegai!<br>\nSeja o encapelado mar<br>\nA ira dos homens, o g\u00eanio do mal:<br>\nTais \u00e1guas n\u00e3o podem a nau tragar,<br>\nQue leva o senhor, rei do c\u00e9u e mar,<br>\nPois todos ouvem o meu mandar:<br>\nSossegai! ? sossegai!<br>\nConvosco estou para vos salvar:<br>\nSim, sossegai!?<\/p>\n\n\n\n<p><strong>2\u00aa Estrofe<\/strong><br>\n? mestre, na minha tristeza<br>\nEstou quase a sucumbir:<br>\nA dor que perturba minha alma,<br>\nOh! pe\u00e7o-te, vem banir!<br>\nDe ondas do mal que me encobrem,<br>\nQuem me far\u00e1 sair?<br>\nPere\u00e7o, sem ti, oh! meu mestre!<br>\nVem logo, vem me acudir!<\/p>\n\n\n\n<p><strong>3\u00aa Estrofe<\/strong><br>\n? mestre, chegou a bonan\u00e7a,<br>\nEm paz eis o c\u00e9u e o mar!<br>\nO meu cora\u00e7\u00e3o goza calma<br>\nQue n\u00e3o poder\u00e1 findar.<br>\nFica comigo, oh! meu mestre,<br>\nDono da terra e c\u00e9u,<br>\nE assim chegarei bem seguro<br>\nAo porto, destino meu.<\/p>\n","protected":false},"excerpt":{"rendered":"<p>1\u00aa Estrofe ? \u00f3 mestre! o mar se revolta: As ondas nos d\u00e3o pavor: O c\u00e9u se reveste de trevas: N\u00e3o temos um salvador! N\u00e3o se te d\u00e1 que morramos? Podes assim dormir. Se a cada momento nos vemos, Sim, prestes a submergir? &#8211; Coro &#8211; ? ?as ondas atendem ao meu mandar: Sossegai! Seja&#8230; <a href=\"https:\/\/umsocorpo.com.br\/harpa-crista\/sossegai-hino-da-harpa-crista-no578\/\">ler mais &raquo;<\/a><\/p>\n","protected":false},"author":1,"featured_media":0,"comment_status":"open","ping_status":"open","sticky":false,"template":"","format":"standard","meta":{"footnotes":""},"categories":[3226],"tags":[3217,1505,3219],"class_list":["post-10371","post","type-post","status-publish","format-standard","hentry","category-501-a-600","tag-crista","tag-harpa","tag-harpa-crista"],"_links":{"self":[{"href":"https:\/\/umsocorpo.com.br\/harpa-crista\/wp-json\/wp\/v2\/posts\/10371","targetHints":{"allow":["GET"]}}],"collection":[{"href":"https:\/\/umsocorpo.com.br\/harpa-crista\/wp-json\/wp\/v2\/posts"}],"about":[{"href":"https:\/\/umsocorpo.com.br\/harpa-crista\/wp-json\/wp\/v2\/types\/post"}],"author":[{"embeddable":true,"href":"https:\/\/umsocorpo.com.br\/harpa-crista\/wp-json\/wp\/v2\/users\/1"}],"replies":[{"embeddable":true,"href":"https:\/\/umsocorpo.com.br\/harpa-crista\/wp-json\/wp\/v2\/comments?post=10371"}],"version-history":[{"count":0,"href":"https:\/\/umsocorpo.com.br\/harpa-crista\/wp-json\/wp\/v2\/posts\/10371\/revisions"}],"wp:attachment":[{"href":"https:\/\/umsocorpo.com.br\/harpa-crista\/wp-json\/wp\/v2\/media?parent=10371"}],"wp:term":[{"taxonomy":"category","embeddable":true,"href":"https:\/\/umsocorpo.com.br\/harpa-crista\/wp-json\/wp\/v2\/categories?post=10371"},{"taxonomy":"post_tag","embeddable":true,"href":"https:\/\/umsocorpo.com.br\/harpa-crista\/wp-json\/wp\/v2\/tags?post=10371"}],"curies":[{"name":"wp","href":"https:\/\/api.w.org\/{rel}","templated":true}]}}