{"id":10343,"date":"2025-03-20T00:09:52","date_gmt":"2015-05-15T00:25:32","guid":{"rendered":"https:\/\/umsocorpo.com.br\/admin\/o-lugar-de-bencao-e-paz-hino-da-harpa-crista-no592\/"},"modified":"2025-03-21T10:34:44","modified_gmt":"2025-03-21T13:34:44","slug":"o-lugar-de-bencao-e-paz-hino-da-harpa-crista-no592","status":"publish","type":"post","link":"https:\/\/umsocorpo.com.br\/harpa-crista\/o-lugar-de-bencao-e-paz-hino-da-harpa-crista-no592\/","title":{"rendered":"O Lugar De B\u00ean\u00e7\u00e3o E Paz &#8211; Hino da Harpa Crist\u00e3 N\u00ba592"},"content":{"rendered":"\n<figure class=\"wp-block-audio\"><audio controls src=\"https:\/\/umsocorpo.com.br\/harpa-crista\/admin\/wp-content\/uploads\/2025\/03\/o-lugar-de-bencao-e-paz-hino-da-harpa-crista-no592.mp3\"><\/audio><\/figure>\n\n\n\n<p><strong>1\u00aa Estrofe<\/strong><br>\nEu estou no lugar onde h\u00e1 b\u00ean\u00e7\u00e3o e paz,<br>\nOnde sinto comigo jesus.<br>\nAos humildes seu sangue assegura perd\u00e3o:<br>\nSeu esp\u00edrito os enche de luz.<\/p>\n\n\n\n<p><strong>&#8211; Coro &#8211;<\/strong><br>\nEstou no lugar onde h\u00e1 b\u00ean\u00e7\u00e3o e paz,<br>\nOnde cristo nos mostra afei\u00e7\u00e3o.<br>\nDescansai! exulta!! confessai-o!<br>\n&#8211; publicai que nele h\u00e1 salva\u00e7\u00e3o.<\/p>\n\n\n\n<p><strong>2\u00aa Estrofe<\/strong><br>\nQue alegria estar onde h\u00e1 b\u00ean\u00e7\u00e3o e paz!<br>\nQue riqueza de amor sem igual:<br>\nO cansado recebe alimento e vigor:<br>\nPara o triste h\u00e1 consolo real!<\/p>\n\n\n\n<p><strong>3\u00aa Estrofe<\/strong><br>\nQue ternura estar onde h\u00e1 b\u00ean\u00e7\u00e3o e paz,<br>\nE perd\u00e3o de inef\u00e1vel valor!<br>\nMas somente os fi\u00e9is \u00e9 que podem contar<br>\nEsta gra\u00e7a do bom salvador.<\/p>\n\n\n\n<p><strong>4\u00aa Estrofe<\/strong><br>\nH\u00e1 louvor sem igual onde h\u00e1 b\u00ean\u00e7\u00e3o e paz!<br>\nE eis que os anjos desejam cantar<br>\nCom os homens, em coro, a bendita merc\u00ea<br>\nDe jesus, que nos veio salvar!<\/p>\n","protected":false},"excerpt":{"rendered":"<p>1\u00aa Estrofe Eu estou no lugar onde h\u00e1 b\u00ean\u00e7\u00e3o e paz, Onde sinto comigo jesus. Aos humildes seu sangue assegura perd\u00e3o: Seu esp\u00edrito os enche de luz. &#8211; Coro &#8211; Estou no lugar onde h\u00e1 b\u00ean\u00e7\u00e3o e paz, Onde cristo nos mostra afei\u00e7\u00e3o. Descansai! exulta!! confessai-o! &#8211; publicai que nele h\u00e1 salva\u00e7\u00e3o. 2\u00aa Estrofe Que&#8230; <a href=\"https:\/\/umsocorpo.com.br\/harpa-crista\/o-lugar-de-bencao-e-paz-hino-da-harpa-crista-no592\/\">ler mais &raquo;<\/a><\/p>\n","protected":false},"author":1,"featured_media":0,"comment_status":"open","ping_status":"open","sticky":false,"template":"","format":"standard","meta":{"footnotes":""},"categories":[3226],"tags":[3217,1505,3219],"class_list":["post-10343","post","type-post","status-publish","format-standard","hentry","category-501-a-600","tag-crista","tag-harpa","tag-harpa-crista"],"_links":{"self":[{"href":"https:\/\/umsocorpo.com.br\/harpa-crista\/wp-json\/wp\/v2\/posts\/10343","targetHints":{"allow":["GET"]}}],"collection":[{"href":"https:\/\/umsocorpo.com.br\/harpa-crista\/wp-json\/wp\/v2\/posts"}],"about":[{"href":"https:\/\/umsocorpo.com.br\/harpa-crista\/wp-json\/wp\/v2\/types\/post"}],"author":[{"embeddable":true,"href":"https:\/\/umsocorpo.com.br\/harpa-crista\/wp-json\/wp\/v2\/users\/1"}],"replies":[{"embeddable":true,"href":"https:\/\/umsocorpo.com.br\/harpa-crista\/wp-json\/wp\/v2\/comments?post=10343"}],"version-history":[{"count":0,"href":"https:\/\/umsocorpo.com.br\/harpa-crista\/wp-json\/wp\/v2\/posts\/10343\/revisions"}],"wp:attachment":[{"href":"https:\/\/umsocorpo.com.br\/harpa-crista\/wp-json\/wp\/v2\/media?parent=10343"}],"wp:term":[{"taxonomy":"category","embeddable":true,"href":"https:\/\/umsocorpo.com.br\/harpa-crista\/wp-json\/wp\/v2\/categories?post=10343"},{"taxonomy":"post_tag","embeddable":true,"href":"https:\/\/umsocorpo.com.br\/harpa-crista\/wp-json\/wp\/v2\/tags?post=10343"}],"curies":[{"name":"wp","href":"https:\/\/api.w.org\/{rel}","templated":true}]}}