{"id":10333,"date":"2025-03-20T00:09:57","date_gmt":"2015-05-15T00:25:32","guid":{"rendered":"https:\/\/umsocorpo.com.br\/admin\/gracas-dou-hino-da-harpa-crista-no597\/"},"modified":"2025-03-21T10:34:45","modified_gmt":"2025-03-21T13:34:45","slug":"gracas-dou-hino-da-harpa-crista-no597","status":"publish","type":"post","link":"https:\/\/umsocorpo.com.br\/harpa-crista\/gracas-dou-hino-da-harpa-crista-no597\/","title":{"rendered":"Gra\u00e7as Dou &#8211; Hino da Harpa Crist\u00e3 N\u00ba597"},"content":{"rendered":"\n<figure class=\"wp-block-audio\"><audio controls src=\"https:\/\/umsocorpo.com.br\/harpa-crista\/admin\/wp-content\/uploads\/2025\/03\/gracas-dou-hino-da-harpa-crista-no597.mp3\"><\/audio><\/figure>\n\n\n\n<p><strong>1\u00aa Estrofe<\/strong><br>\nGra\u00e7as dou por esta vida: pelo bem que revelou.<br>\nGra\u00e7as dou pelo futuro, e por tudo que passou.<br>\nPelas b\u00ean\u00e7\u00e3os derramadas, pela dor, pela afli\u00e7\u00e3o,<br>\nPela gra\u00e7a revelada! ? gra\u00e7as dou pelo perd\u00e3o.<\/p>\n\n\n\n<p><strong>2\u00aa Estrofe<\/strong><br>\nGra\u00e7as pelo azul celeste e por nuvens que h\u00e1 tamb\u00e9m,<br>\nPelas rosas do caminho, por espinhos que elas t\u00eam,<br>\nPela escurid\u00e3o da noite, pela estrela que brilhou,<br>\nPela prece respondida, pelo sonho que falhou.<\/p>\n\n\n\n<p><strong>3\u00aa Estrofe<\/strong><br>\nPela cruz e o sofrimento e por toda prova\u00e7\u00e3o,<br>\nPelo amor que \u00e9 sem medida, pela paz no cora\u00e7\u00e3o,<br>\nPela l\u00e1grima vertida, pelo alivio que \u00e9 sem par.<br>\nPelo dom da eterna vida, sempre gra\u00e7as hei de dar!<\/p>\n","protected":false},"excerpt":{"rendered":"<p>1\u00aa Estrofe Gra\u00e7as dou por esta vida: pelo bem que revelou. Gra\u00e7as dou pelo futuro, e por tudo que passou. Pelas b\u00ean\u00e7\u00e3os derramadas, pela dor, pela afli\u00e7\u00e3o, Pela gra\u00e7a revelada! ? gra\u00e7as dou pelo perd\u00e3o. 2\u00aa Estrofe Gra\u00e7as pelo azul celeste e por nuvens que h\u00e1 tamb\u00e9m, Pelas rosas do caminho, por espinhos que elas&#8230; <a href=\"https:\/\/umsocorpo.com.br\/harpa-crista\/gracas-dou-hino-da-harpa-crista-no597\/\">ler mais &raquo;<\/a><\/p>\n","protected":false},"author":1,"featured_media":0,"comment_status":"open","ping_status":"open","sticky":false,"template":"","format":"standard","meta":{"footnotes":""},"categories":[3226],"tags":[3217,1505,3219],"class_list":["post-10333","post","type-post","status-publish","format-standard","hentry","category-501-a-600","tag-crista","tag-harpa","tag-harpa-crista"],"_links":{"self":[{"href":"https:\/\/umsocorpo.com.br\/harpa-crista\/wp-json\/wp\/v2\/posts\/10333","targetHints":{"allow":["GET"]}}],"collection":[{"href":"https:\/\/umsocorpo.com.br\/harpa-crista\/wp-json\/wp\/v2\/posts"}],"about":[{"href":"https:\/\/umsocorpo.com.br\/harpa-crista\/wp-json\/wp\/v2\/types\/post"}],"author":[{"embeddable":true,"href":"https:\/\/umsocorpo.com.br\/harpa-crista\/wp-json\/wp\/v2\/users\/1"}],"replies":[{"embeddable":true,"href":"https:\/\/umsocorpo.com.br\/harpa-crista\/wp-json\/wp\/v2\/comments?post=10333"}],"version-history":[{"count":0,"href":"https:\/\/umsocorpo.com.br\/harpa-crista\/wp-json\/wp\/v2\/posts\/10333\/revisions"}],"wp:attachment":[{"href":"https:\/\/umsocorpo.com.br\/harpa-crista\/wp-json\/wp\/v2\/media?parent=10333"}],"wp:term":[{"taxonomy":"category","embeddable":true,"href":"https:\/\/umsocorpo.com.br\/harpa-crista\/wp-json\/wp\/v2\/categories?post=10333"},{"taxonomy":"post_tag","embeddable":true,"href":"https:\/\/umsocorpo.com.br\/harpa-crista\/wp-json\/wp\/v2\/tags?post=10333"}],"curies":[{"name":"wp","href":"https:\/\/api.w.org\/{rel}","templated":true}]}}