{"id":10299,"date":"2025-03-20T00:10:14","date_gmt":"2015-05-15T00:25:31","guid":{"rendered":"https:\/\/umsocorpo.com.br\/admin\/terra-feliz-hino-da-harpa-crista-no614\/"},"modified":"2025-03-21T11:07:08","modified_gmt":"2025-03-21T14:07:08","slug":"terra-feliz-hino-da-harpa-crista-no614","status":"publish","type":"post","link":"https:\/\/umsocorpo.com.br\/harpa-crista\/terra-feliz-hino-da-harpa-crista-no614\/","title":{"rendered":"Terra Feliz &#8211; Hino da Harpa Crist\u00e3 N\u00ba614"},"content":{"rendered":"\n<figure class=\"wp-block-audio\"><audio controls src=\"https:\/\/umsocorpo.com.br\/harpa-crista\/admin\/wp-content\/uploads\/2025\/03\/terra-feliz-hino-da-harpa-crista-no614.mp3\"><\/audio><\/figure>\n\n\n\n<p><strong>1\u00aa Estrofe<\/strong><br>\nEu avisto uma terra feliz,<br>\nOnde irei para sempre morar:<br>\nH\u00e1 mans\u00f5es nesse lindo pa\u00eds,<br>\nQue jesus foi pra mim preparar.<br>\nCoro 1<br>\nVou morar! ? vou morar<br>\nNessa terra celeste porvir!<br>\nVou morar! ? vou morar!<br>\nNessa terra celeste porvir!<\/p>\n\n\n\n<p><strong>2\u00aa Estrofe<\/strong><br>\nCantarei nesse lindo pa\u00eds<br>\nBelos hinos ao meu salvador.<br>\nPois ali viverei bem feliz,<br>\nSem ang\u00fastias, tristezas, nem dor.<br>\nCoro 2<br>\nVou cantar! ? vou cantar<br>\nNessa terra celeste porvir!<br>\nVou cantar! vou cantar<br>\nNessa terra celeste porvir!<\/p>\n\n\n\n<p><strong>3\u00aa Estrofe<\/strong><br>\nDeixarei este mundo, afinal,<br>\nPara ir a jesus adorar.<br>\nNessa linda cidade real,<br>\nEm venturas sem fim vou estar.<br>\nCoro 3<br>\nVou estar! ? vou estar<br>\nNessa terra celeste porvir!<br>\nVou estar! ? vou estar<br>\nNessa terra celeste porvir!<\/p>\n","protected":false},"excerpt":{"rendered":"<p>1\u00aa Estrofe Eu avisto uma terra feliz, Onde irei para sempre morar: H\u00e1 mans\u00f5es nesse lindo pa\u00eds, Que jesus foi pra mim preparar. Coro 1 Vou morar! ? vou morar Nessa terra celeste porvir! Vou morar! ? vou morar! Nessa terra celeste porvir! 2\u00aa Estrofe Cantarei nesse lindo pa\u00eds Belos hinos ao meu salvador. Pois&#8230; <a href=\"https:\/\/umsocorpo.com.br\/harpa-crista\/terra-feliz-hino-da-harpa-crista-no614\/\">ler mais &raquo;<\/a><\/p>\n","protected":false},"author":1,"featured_media":0,"comment_status":"open","ping_status":"open","sticky":false,"template":"","format":"standard","meta":{"footnotes":""},"categories":[3227],"tags":[3217,1505,3219],"class_list":["post-10299","post","type-post","status-publish","format-standard","hentry","category-601-a-640","tag-crista","tag-harpa","tag-harpa-crista"],"_links":{"self":[{"href":"https:\/\/umsocorpo.com.br\/harpa-crista\/wp-json\/wp\/v2\/posts\/10299","targetHints":{"allow":["GET"]}}],"collection":[{"href":"https:\/\/umsocorpo.com.br\/harpa-crista\/wp-json\/wp\/v2\/posts"}],"about":[{"href":"https:\/\/umsocorpo.com.br\/harpa-crista\/wp-json\/wp\/v2\/types\/post"}],"author":[{"embeddable":true,"href":"https:\/\/umsocorpo.com.br\/harpa-crista\/wp-json\/wp\/v2\/users\/1"}],"replies":[{"embeddable":true,"href":"https:\/\/umsocorpo.com.br\/harpa-crista\/wp-json\/wp\/v2\/comments?post=10299"}],"version-history":[{"count":0,"href":"https:\/\/umsocorpo.com.br\/harpa-crista\/wp-json\/wp\/v2\/posts\/10299\/revisions"}],"wp:attachment":[{"href":"https:\/\/umsocorpo.com.br\/harpa-crista\/wp-json\/wp\/v2\/media?parent=10299"}],"wp:term":[{"taxonomy":"category","embeddable":true,"href":"https:\/\/umsocorpo.com.br\/harpa-crista\/wp-json\/wp\/v2\/categories?post=10299"},{"taxonomy":"post_tag","embeddable":true,"href":"https:\/\/umsocorpo.com.br\/harpa-crista\/wp-json\/wp\/v2\/tags?post=10299"}],"curies":[{"name":"wp","href":"https:\/\/api.w.org\/{rel}","templated":true}]}}