{"id":10287,"date":"2025-03-20T00:10:20","date_gmt":"2015-05-15T00:25:30","guid":{"rendered":"https:\/\/umsocorpo.com.br\/admin\/na-jornada-para-o-ceu-hino-da-harpa-crista-no620\/"},"modified":"2025-03-21T11:07:10","modified_gmt":"2025-03-21T14:07:10","slug":"na-jornada-para-o-ceu-hino-da-harpa-crista-no620","status":"publish","type":"post","link":"https:\/\/umsocorpo.com.br\/harpa-crista\/na-jornada-para-o-ceu-hino-da-harpa-crista-no620\/","title":{"rendered":"Na Jornada Para O C\u00e9u &#8211; Hino da Harpa Crist\u00e3 N\u00ba620"},"content":{"rendered":"\n<figure class=\"wp-block-audio\"><audio controls src=\"https:\/\/umsocorpo.com.br\/harpa-crista\/admin\/wp-content\/uploads\/2025\/03\/na-jornada-para-o-ceu-hino-da-harpa-crista-no620.mp3\"><\/audio><\/figure>\n\n\n\n<p><strong>1\u00aa Estrofe<\/strong><br>\nNa jornada para o c\u00e9u,<br>\nVivo sempre a meditar.<br>\nMuito alegre vou cantando<br>\nE seguindo pro meu lar.<br>\nMuito alegre vou cantando<br>\nE seguindo pro meu lar.<\/p>\n\n\n\n<p><strong>&#8211; Coro &#8211;<\/strong><br>\nSei que \u00e9 certa a vit\u00f3ria,<br>\nQue jesus me garantiu:<br>\nEu vou chegar \u00e0 gl\u00f3ria (bis)<br>\nQue o mortal inda n\u00e3o viu.<\/p>\n\n\n\n<p><strong>2\u00aa Estrofe<\/strong><br>\nCaminhando com jesus,<br>\nMeu prazer sempre aumentou:<br>\nRevelou-me o amor da cruz,<br>\nQue meus crimes perdoou<br>\nRevelou-me o amor da cruz,<br>\nQue meus crimes perdoou.<\/p>\n\n\n\n<p><strong>3\u00aa Estrofe<\/strong><br>\nUm clar\u00e3o da luz do c\u00e9u<br>\nMinha alma iluminou<br>\nEnt\u00e3o vi o abismo eterno<br>\nDo qual deus j\u00e1 me salvou.<br>\nEnt\u00e3o vi o abismo eterno<br>\nDo qual deus j\u00e1 me salvou.<\/p>\n\n\n\n<p><strong>4\u00aa Estrofe<\/strong><br>\nNesta senda gloriosa,<br>\nMe ajude o meu rei:<br>\nTenho paz, e mui ditosa,<br>\nE mais paz no c\u00e9u terei.<br>\nTenho paz, e mui ditosa.<br>\nE mais paz no c\u00e9u terei.<\/p>\n","protected":false},"excerpt":{"rendered":"<p>1\u00aa Estrofe Na jornada para o c\u00e9u, Vivo sempre a meditar. Muito alegre vou cantando E seguindo pro meu lar. Muito alegre vou cantando E seguindo pro meu lar. &#8211; Coro &#8211; Sei que \u00e9 certa a vit\u00f3ria, Que jesus me garantiu: Eu vou chegar \u00e0 gl\u00f3ria (bis) Que o mortal inda n\u00e3o viu. 2\u00aa&#8230; <a href=\"https:\/\/umsocorpo.com.br\/harpa-crista\/na-jornada-para-o-ceu-hino-da-harpa-crista-no620\/\">ler mais &raquo;<\/a><\/p>\n","protected":false},"author":1,"featured_media":0,"comment_status":"open","ping_status":"open","sticky":false,"template":"","format":"standard","meta":{"footnotes":""},"categories":[3227],"tags":[3217,1505,3219],"class_list":["post-10287","post","type-post","status-publish","format-standard","hentry","category-601-a-640","tag-crista","tag-harpa","tag-harpa-crista"],"_links":{"self":[{"href":"https:\/\/umsocorpo.com.br\/harpa-crista\/wp-json\/wp\/v2\/posts\/10287","targetHints":{"allow":["GET"]}}],"collection":[{"href":"https:\/\/umsocorpo.com.br\/harpa-crista\/wp-json\/wp\/v2\/posts"}],"about":[{"href":"https:\/\/umsocorpo.com.br\/harpa-crista\/wp-json\/wp\/v2\/types\/post"}],"author":[{"embeddable":true,"href":"https:\/\/umsocorpo.com.br\/harpa-crista\/wp-json\/wp\/v2\/users\/1"}],"replies":[{"embeddable":true,"href":"https:\/\/umsocorpo.com.br\/harpa-crista\/wp-json\/wp\/v2\/comments?post=10287"}],"version-history":[{"count":0,"href":"https:\/\/umsocorpo.com.br\/harpa-crista\/wp-json\/wp\/v2\/posts\/10287\/revisions"}],"wp:attachment":[{"href":"https:\/\/umsocorpo.com.br\/harpa-crista\/wp-json\/wp\/v2\/media?parent=10287"}],"wp:term":[{"taxonomy":"category","embeddable":true,"href":"https:\/\/umsocorpo.com.br\/harpa-crista\/wp-json\/wp\/v2\/categories?post=10287"},{"taxonomy":"post_tag","embeddable":true,"href":"https:\/\/umsocorpo.com.br\/harpa-crista\/wp-json\/wp\/v2\/tags?post=10287"}],"curies":[{"name":"wp","href":"https:\/\/api.w.org\/{rel}","templated":true}]}}