{"id":10283,"date":"2025-03-20T00:10:22","date_gmt":"2015-05-15T00:25:30","guid":{"rendered":"https:\/\/umsocorpo.com.br\/admin\/tao-grato-me-e-lembrar-hino-da-harpa-crista-no622\/"},"modified":"2025-03-21T11:22:20","modified_gmt":"2025-03-21T14:22:20","slug":"tao-grato-me-e-lembrar-hino-da-harpa-crista-no622","status":"publish","type":"post","link":"https:\/\/umsocorpo.com.br\/harpa-crista\/tao-grato-me-e-lembrar-hino-da-harpa-crista-no622\/","title":{"rendered":"T\u00e3o Grato Me \u00e9 Lembrar &#8211; Hino da Harpa Crist\u00e3 N\u00ba622"},"content":{"rendered":"\n<figure class=\"wp-block-audio\"><audio controls src=\"https:\/\/umsocorpo.com.br\/harpa-crista\/admin\/wp-content\/uploads\/2025\/03\/tao-grato-me-e-lembrar-hino-da-harpa-crista-no622.mp3\"><\/audio><\/figure>\n\n\n\n<p><strong>1\u00aa Estrofe<\/strong><br>\nT\u00e3o grato me \u00e9 lembrar<br>\nQue cada dia estou<br>\nMais perto do celeste lar,<br>\nEm que morar eu vou!<\/p>\n\n\n\n<p><strong>&#8211; Coro &#8211;<\/strong><br>\nCada vez mais perto do lar,<br>\nPerto do meu eterno lar,<br>\nEm que morar eu vou.<\/p>\n\n\n\n<p><strong>2\u00aa Estrofe<\/strong><br>\nEm breve vou partir<br>\nPra onde n\u00e3o h\u00e1 dor.<br>\nDel\u00edcias no c\u00e9u vou fruir<br>\nNaquele lar de amor.<\/p>\n\n\n\n<p><strong>3\u00aa Estrofe<\/strong><br>\nO mestre, que leal<br>\nEu seja sempre aqui!<br>\nPois quero junto aos salvos mil<br>\nContigo estar ai.<\/p>\n","protected":false},"excerpt":{"rendered":"<p>1\u00aa Estrofe T\u00e3o grato me \u00e9 lembrar Que cada dia estou Mais perto do celeste lar, Em que morar eu vou! &#8211; Coro &#8211; Cada vez mais perto do lar, Perto do meu eterno lar, Em que morar eu vou. 2\u00aa Estrofe Em breve vou partir Pra onde n\u00e3o h\u00e1 dor. Del\u00edcias no c\u00e9u vou&#8230; <a href=\"https:\/\/umsocorpo.com.br\/harpa-crista\/tao-grato-me-e-lembrar-hino-da-harpa-crista-no622\/\">ler mais &raquo;<\/a><\/p>\n","protected":false},"author":1,"featured_media":0,"comment_status":"open","ping_status":"open","sticky":false,"template":"","format":"standard","meta":{"footnotes":""},"categories":[3227],"tags":[3217,1505,3219],"class_list":["post-10283","post","type-post","status-publish","format-standard","hentry","category-601-a-640","tag-crista","tag-harpa","tag-harpa-crista"],"_links":{"self":[{"href":"https:\/\/umsocorpo.com.br\/harpa-crista\/wp-json\/wp\/v2\/posts\/10283","targetHints":{"allow":["GET"]}}],"collection":[{"href":"https:\/\/umsocorpo.com.br\/harpa-crista\/wp-json\/wp\/v2\/posts"}],"about":[{"href":"https:\/\/umsocorpo.com.br\/harpa-crista\/wp-json\/wp\/v2\/types\/post"}],"author":[{"embeddable":true,"href":"https:\/\/umsocorpo.com.br\/harpa-crista\/wp-json\/wp\/v2\/users\/1"}],"replies":[{"embeddable":true,"href":"https:\/\/umsocorpo.com.br\/harpa-crista\/wp-json\/wp\/v2\/comments?post=10283"}],"version-history":[{"count":0,"href":"https:\/\/umsocorpo.com.br\/harpa-crista\/wp-json\/wp\/v2\/posts\/10283\/revisions"}],"wp:attachment":[{"href":"https:\/\/umsocorpo.com.br\/harpa-crista\/wp-json\/wp\/v2\/media?parent=10283"}],"wp:term":[{"taxonomy":"category","embeddable":true,"href":"https:\/\/umsocorpo.com.br\/harpa-crista\/wp-json\/wp\/v2\/categories?post=10283"},{"taxonomy":"post_tag","embeddable":true,"href":"https:\/\/umsocorpo.com.br\/harpa-crista\/wp-json\/wp\/v2\/tags?post=10283"}],"curies":[{"name":"wp","href":"https:\/\/api.w.org\/{rel}","templated":true}]}}