{"id":10277,"date":"2025-03-20T00:10:25","date_gmt":"2015-05-15T00:25:30","guid":{"rendered":"https:\/\/umsocorpo.com.br\/admin\/gloria-indizivel-hino-da-harpa-crista-no625\/"},"modified":"2025-03-21T11:22:21","modified_gmt":"2025-03-21T14:22:21","slug":"gloria-indizivel-hino-da-harpa-crista-no625","status":"publish","type":"post","link":"https:\/\/umsocorpo.com.br\/harpa-crista\/gloria-indizivel-hino-da-harpa-crista-no625\/","title":{"rendered":"Gl\u00f3ria Indiz\u00edvel &#8211; Hino da Harpa Crist\u00e3 N\u00ba625"},"content":{"rendered":"\n<figure class=\"wp-block-audio\"><audio controls src=\"https:\/\/umsocorpo.com.br\/harpa-crista\/admin\/wp-content\/uploads\/2025\/03\/gloria-indizivel-hino-da-harpa-crista-no625.mp3\"><\/audio><\/figure>\n\n\n\n<p><strong>1\u00aa Estrofe<\/strong><br>\nTenho lido da bela cidade<br>\nSituada no reino de deus,<br>\nAmurada de jaspe luzente,<br>\nE juncada com \u00e1ureos trof\u00e9us.<br>\nBem no meio da pra\u00e7a eis o rio<br>\nDa vida e vigor eternal;<br>\nMas metade da gl\u00f3ria celeste<br>\nJamais se contou ao mortal.<\/p>\n\n\n\n<p><strong>&#8211; Coro &#8211;<\/strong><br>\nJamais se contou ao mortal!<br>\nJamais se contou ao mortal!<br>\nMetade da gl\u00f3ria celeste<br>\nJamais se contou ao mortal!<\/p>\n\n\n\n<p><strong>2\u00aa Estrofe<\/strong><br>\nTenho lido dos belos pal\u00e1cios,<br>\nQue jesus foi no c\u00e9u preparar,<br>\nOnde os santos fi\u00e9is, para sempre,<br>\nMui felizes ir\u00e3o habitar;<br>\nNem tristeza, nem dor, nem velhice<br>\nVeremos no lar paternal;<br>\nMas metade da gl\u00f3ria celeste<br>\nJamais se contou ao mortal.<\/p>\n\n\n\n<p><strong>3\u00aa Estrofe<\/strong><br>\nTenho lido das vestes brilhantes,<br>\nDas coroas que os crentes ter\u00e3o,<br>\nQuando o pai os chamar proclamando:<br>\n&#8211; ?recebei eternal galard\u00e3o!?<br>\nTenho lido que os santos na gl\u00f3ria<br>\nTem gozo e prazer perenal.<br>\nMas metade da gl\u00f3ria celeste<br>\nJamais se contou ao mortal.<\/p>\n\n\n\n<p><strong>4\u00aa Estrofe<\/strong><br>\nTenho lido da hist\u00f3ria bendita<br>\nDe jesus, o fiel redentor,<br>\nQue por n\u00f3s padeceu no calv\u00e1rio<br>\nE recebe ao mais vil pecador.<br>\nTenho lido do sangue vertido<br>\nQue a todos redime do mal;<br>\nMas metade da gl\u00f3ria celeste<br>\nJamais se contou ao mortal.<\/p>\n","protected":false},"excerpt":{"rendered":"<p>1\u00aa Estrofe Tenho lido da bela cidade Situada no reino de deus, Amurada de jaspe luzente, E juncada com \u00e1ureos trof\u00e9us. Bem no meio da pra\u00e7a eis o rio Da vida e vigor eternal; Mas metade da gl\u00f3ria celeste Jamais se contou ao mortal. &#8211; Coro &#8211; Jamais se contou ao mortal! Jamais se contou&#8230; <a href=\"https:\/\/umsocorpo.com.br\/harpa-crista\/gloria-indizivel-hino-da-harpa-crista-no625\/\">ler mais &raquo;<\/a><\/p>\n","protected":false},"author":1,"featured_media":0,"comment_status":"open","ping_status":"open","sticky":false,"template":"","format":"standard","meta":{"footnotes":""},"categories":[3227],"tags":[3217,1505,3219],"class_list":["post-10277","post","type-post","status-publish","format-standard","hentry","category-601-a-640","tag-crista","tag-harpa","tag-harpa-crista"],"_links":{"self":[{"href":"https:\/\/umsocorpo.com.br\/harpa-crista\/wp-json\/wp\/v2\/posts\/10277","targetHints":{"allow":["GET"]}}],"collection":[{"href":"https:\/\/umsocorpo.com.br\/harpa-crista\/wp-json\/wp\/v2\/posts"}],"about":[{"href":"https:\/\/umsocorpo.com.br\/harpa-crista\/wp-json\/wp\/v2\/types\/post"}],"author":[{"embeddable":true,"href":"https:\/\/umsocorpo.com.br\/harpa-crista\/wp-json\/wp\/v2\/users\/1"}],"replies":[{"embeddable":true,"href":"https:\/\/umsocorpo.com.br\/harpa-crista\/wp-json\/wp\/v2\/comments?post=10277"}],"version-history":[{"count":0,"href":"https:\/\/umsocorpo.com.br\/harpa-crista\/wp-json\/wp\/v2\/posts\/10277\/revisions"}],"wp:attachment":[{"href":"https:\/\/umsocorpo.com.br\/harpa-crista\/wp-json\/wp\/v2\/media?parent=10277"}],"wp:term":[{"taxonomy":"category","embeddable":true,"href":"https:\/\/umsocorpo.com.br\/harpa-crista\/wp-json\/wp\/v2\/categories?post=10277"},{"taxonomy":"post_tag","embeddable":true,"href":"https:\/\/umsocorpo.com.br\/harpa-crista\/wp-json\/wp\/v2\/tags?post=10277"}],"curies":[{"name":"wp","href":"https:\/\/api.w.org\/{rel}","templated":true}]}}