{"id":10259,"date":"2025-03-20T00:10:34","date_gmt":"2015-05-15T00:25:29","guid":{"rendered":"https:\/\/umsocorpo.com.br\/admin\/oracao-pela-patria-hino-da-harpa-crista-no634\/"},"modified":"2025-03-21T11:22:24","modified_gmt":"2025-03-21T14:22:24","slug":"oracao-pela-patria-hino-da-harpa-crista-no634","status":"publish","type":"post","link":"https:\/\/umsocorpo.com.br\/harpa-crista\/oracao-pela-patria-hino-da-harpa-crista-no634\/","title":{"rendered":"Ora\u00e7\u00e3o Pela P\u00e1tria &#8211; Hino da Harpa Crist\u00e3 N\u00ba634"},"content":{"rendered":"\n<figure class=\"wp-block-audio\"><audio controls src=\"https:\/\/umsocorpo.com.br\/harpa-crista\/admin\/wp-content\/uploads\/2025\/03\/oracao-pela-patria-hino-da-harpa-crista-no634.mp3\"><\/audio><\/figure>\n\n\n\n<p><strong>1\u00aa Estrofe<\/strong><br>\nMinha p\u00e1tria para cristo!<br>\n&#8211; eis a minha peti\u00e7\u00e3o.<br>\n&#8211; minha p\u00e1tria t\u00e3o querida,<br>\nEu te dei meu cora\u00e7\u00e3o.<br>\nLar prezado, lar formoso,<br>\n\u00c9 por ti o meu amor.<br>\nQue o meu deus de excelsa gra\u00e7a<br>\nTe dispense seu favor!<\/p>\n\n\n\n<p><strong>&#8211; Coro &#8211;<\/strong><br>\nSalve deus a minha p\u00e1tria,<br>\nMinha p\u00e1tria varonil!<br>\nSalve deus a minha terra,<br>\nEsta terra do brasil!<\/p>\n\n\n\n<p><strong>2\u00aa Estrofe<\/strong><br>\nQuero, pois, com alegria,<br>\nVer feliz a m\u00e3e gentil,<br>\nPor vencer o evangelho<br>\nNesta terra do brasil.<br>\nBrava gente brasileira.<br>\nLonge v\u00e1 temor servil;<br>\nOu ficar a p\u00e1tria salva,<br>\nOu morrer pelo brasil.<\/p>\n","protected":false},"excerpt":{"rendered":"<p>1\u00aa Estrofe Minha p\u00e1tria para cristo! &#8211; eis a minha peti\u00e7\u00e3o. &#8211; minha p\u00e1tria t\u00e3o querida, Eu te dei meu cora\u00e7\u00e3o. Lar prezado, lar formoso, \u00c9 por ti o meu amor. Que o meu deus de excelsa gra\u00e7a Te dispense seu favor! &#8211; Coro &#8211; Salve deus a minha p\u00e1tria, Minha p\u00e1tria varonil! Salve deus&#8230; <a href=\"https:\/\/umsocorpo.com.br\/harpa-crista\/oracao-pela-patria-hino-da-harpa-crista-no634\/\">ler mais &raquo;<\/a><\/p>\n","protected":false},"author":1,"featured_media":0,"comment_status":"open","ping_status":"open","sticky":false,"template":"","format":"standard","meta":{"footnotes":""},"categories":[3227],"tags":[3217,1505,3219],"class_list":["post-10259","post","type-post","status-publish","format-standard","hentry","category-601-a-640","tag-crista","tag-harpa","tag-harpa-crista"],"_links":{"self":[{"href":"https:\/\/umsocorpo.com.br\/harpa-crista\/wp-json\/wp\/v2\/posts\/10259","targetHints":{"allow":["GET"]}}],"collection":[{"href":"https:\/\/umsocorpo.com.br\/harpa-crista\/wp-json\/wp\/v2\/posts"}],"about":[{"href":"https:\/\/umsocorpo.com.br\/harpa-crista\/wp-json\/wp\/v2\/types\/post"}],"author":[{"embeddable":true,"href":"https:\/\/umsocorpo.com.br\/harpa-crista\/wp-json\/wp\/v2\/users\/1"}],"replies":[{"embeddable":true,"href":"https:\/\/umsocorpo.com.br\/harpa-crista\/wp-json\/wp\/v2\/comments?post=10259"}],"version-history":[{"count":0,"href":"https:\/\/umsocorpo.com.br\/harpa-crista\/wp-json\/wp\/v2\/posts\/10259\/revisions"}],"wp:attachment":[{"href":"https:\/\/umsocorpo.com.br\/harpa-crista\/wp-json\/wp\/v2\/media?parent=10259"}],"wp:term":[{"taxonomy":"category","embeddable":true,"href":"https:\/\/umsocorpo.com.br\/harpa-crista\/wp-json\/wp\/v2\/categories?post=10259"},{"taxonomy":"post_tag","embeddable":true,"href":"https:\/\/umsocorpo.com.br\/harpa-crista\/wp-json\/wp\/v2\/tags?post=10259"}],"curies":[{"name":"wp","href":"https:\/\/api.w.org\/{rel}","templated":true}]}}