{"id":10253,"date":"2025-03-20T00:10:37","date_gmt":"2015-05-15T00:25:29","guid":{"rendered":"https:\/\/umsocorpo.com.br\/admin\/hino-a-bandeira-nacional-hino-da-harpa-crista-no637\/"},"modified":"2025-03-21T11:22:24","modified_gmt":"2025-03-21T14:22:24","slug":"hino-a-bandeira-nacional-hino-da-harpa-crista-no637","status":"publish","type":"post","link":"https:\/\/umsocorpo.com.br\/harpa-crista\/hino-a-bandeira-nacional-hino-da-harpa-crista-no637\/","title":{"rendered":"Hino \u00e0 Bandeira Nacional &#8211; Hino da Harpa Crist\u00e3 N\u00ba637"},"content":{"rendered":"\n<figure class=\"wp-block-audio\"><audio controls src=\"https:\/\/umsocorpo.com.br\/harpa-crista\/admin\/wp-content\/uploads\/2025\/03\/hino-a-bandeira-nacional-hino-da-harpa-crista-no637.mp3\"><\/audio><\/figure>\n\n\n\n<p><strong>1\u00aa Estrofe<\/strong><br>\nSalve lindo pend\u00e3o da esperan\u00e7a!<br>\nSalve, s\u00edmbolo augusto da paz!<br>\nTua nobre presen\u00e7a \u00e0 lembran\u00e7a<br>\nA grandeza da p\u00e1tria nos traz.<\/p>\n\n\n\n<p><strong>&#8211; Coro &#8211;<\/strong><br>\nRecebe o afeto que se encerra<br>\nEm nosso peito juvenil,<br>\nQuerido s\u00edmbolo da terra,<br>\nDa amada terra do brasil!<\/p>\n\n\n\n<p><strong>2\u00aa Estrofe<\/strong><br>\nEm teu seio formoso retratas<br>\nEste c\u00e9u de pur\u00edssimo azul,<br>\nA verdura sem-par destas matas,<br>\nE o esplendor do cruzeiro do sul.<\/p>\n\n\n\n<p><strong>3\u00aa Estrofe<\/strong><br>\nContemplando teu vulto sagrado,<br>\nCompreendemos o nosso dever,<br>\nE o brasil. por seus filhos amado,<br>\nPoderoso e feliz h\u00e1 de ser.<\/p>\n\n\n\n<p><strong>4\u00aa Estrofe<\/strong><br>\nSobre a imensa na\u00e7\u00e3o brasileira,<br>\nNos momentos de festa ou de dor,<br>\nPaira sempre, sagrada bandeira,<br>\nPavilh\u00e3o da justi\u00e7a e do amor!<\/p>\n","protected":false},"excerpt":{"rendered":"<p>1\u00aa Estrofe Salve lindo pend\u00e3o da esperan\u00e7a! Salve, s\u00edmbolo augusto da paz! Tua nobre presen\u00e7a \u00e0 lembran\u00e7a A grandeza da p\u00e1tria nos traz. &#8211; Coro &#8211; Recebe o afeto que se encerra Em nosso peito juvenil, Querido s\u00edmbolo da terra, Da amada terra do brasil! 2\u00aa Estrofe Em teu seio formoso retratas Este c\u00e9u de&#8230; <a href=\"https:\/\/umsocorpo.com.br\/harpa-crista\/hino-a-bandeira-nacional-hino-da-harpa-crista-no637\/\">ler mais &raquo;<\/a><\/p>\n","protected":false},"author":1,"featured_media":0,"comment_status":"open","ping_status":"open","sticky":false,"template":"","format":"standard","meta":{"footnotes":""},"categories":[3227],"tags":[3217,1505,3219],"class_list":["post-10253","post","type-post","status-publish","format-standard","hentry","category-601-a-640","tag-crista","tag-harpa","tag-harpa-crista"],"_links":{"self":[{"href":"https:\/\/umsocorpo.com.br\/harpa-crista\/wp-json\/wp\/v2\/posts\/10253","targetHints":{"allow":["GET"]}}],"collection":[{"href":"https:\/\/umsocorpo.com.br\/harpa-crista\/wp-json\/wp\/v2\/posts"}],"about":[{"href":"https:\/\/umsocorpo.com.br\/harpa-crista\/wp-json\/wp\/v2\/types\/post"}],"author":[{"embeddable":true,"href":"https:\/\/umsocorpo.com.br\/harpa-crista\/wp-json\/wp\/v2\/users\/1"}],"replies":[{"embeddable":true,"href":"https:\/\/umsocorpo.com.br\/harpa-crista\/wp-json\/wp\/v2\/comments?post=10253"}],"version-history":[{"count":0,"href":"https:\/\/umsocorpo.com.br\/harpa-crista\/wp-json\/wp\/v2\/posts\/10253\/revisions"}],"wp:attachment":[{"href":"https:\/\/umsocorpo.com.br\/harpa-crista\/wp-json\/wp\/v2\/media?parent=10253"}],"wp:term":[{"taxonomy":"category","embeddable":true,"href":"https:\/\/umsocorpo.com.br\/harpa-crista\/wp-json\/wp\/v2\/categories?post=10253"},{"taxonomy":"post_tag","embeddable":true,"href":"https:\/\/umsocorpo.com.br\/harpa-crista\/wp-json\/wp\/v2\/tags?post=10253"}],"curies":[{"name":"wp","href":"https:\/\/api.w.org\/{rel}","templated":true}]}}